{"id":13026,"date":"2023-07-11T16:31:32","date_gmt":"2023-07-11T14:31:32","guid":{"rendered":"https:\/\/www.vandaomeopatici.it\/it\/?p=13026"},"modified":"2023-07-12T10:28:07","modified_gmt":"2023-07-12T08:28:07","slug":"infiammazione-cronico-sistemica","status":"publish","type":"post","link":"https:\/\/www.vandaomeopatici.it\/it\/infiammazione-cronico-sistemica\/","title":{"rendered":"Infiammazione cronico sistemica, come intervenire."},"content":{"rendered":"<p class=\"bard-text-block style-scope\">La rivista Nature, una delle pi\u00f9 autorevoli pubblicazioni scientifiche a livello mondiale, ha recentemente dedicato un articolo all&#8217;importanza dell&#8217;infiammazione cronica sistemica (SCI) nella patogenesi delle malattie.<\/p>\n<p>Questo fatto sottolinea l&#8217;importanza crescente che la SCI sta assumendo nel panorama della ricerca medica e la sua rilevanza per la salute globale.<\/p>\n<p>L&#8217;articolo, intitolato\u00a0<a class=\"bard-text-block style-scope\" href=\"https:\/\/www.nature.com\/articles\/s41591-019-0675-0\" target=\"_blank\" rel=\"noopener\">&#8220;Chronic inflammation in the etiology of disease across the life span&#8221;<\/a>, esplora come la SCI possa influenzare lo sviluppo di varie malattie durante la vita di una persona.<\/p>\n<p><img loading=\"lazy\" decoding=\"async\" class=\"aligncenter size-full wp-image-13027\" src=\"https:\/\/www.vandaomeopatici.it\/it\/wp-content\/uploads\/2023\/07\/cause-ed-effetti-dellinfiammazione-cronico-sistemica.webp\" alt=\"Grafico delle cause e dell'infiammazione cronico sistemica\" width=\"1881\" height=\"1072\" srcset=\"https:\/\/www.vandaomeopatici.it\/it\/wp-content\/uploads\/2023\/07\/cause-ed-effetti-dellinfiammazione-cronico-sistemica.webp 1881w, https:\/\/www.vandaomeopatici.it\/it\/wp-content\/uploads\/2023\/07\/cause-ed-effetti-dellinfiammazione-cronico-sistemica-300x171.webp 300w, https:\/\/www.vandaomeopatici.it\/it\/wp-content\/uploads\/2023\/07\/cause-ed-effetti-dellinfiammazione-cronico-sistemica-536x305.webp 536w, https:\/\/www.vandaomeopatici.it\/it\/wp-content\/uploads\/2023\/07\/cause-ed-effetti-dellinfiammazione-cronico-sistemica-768x438.webp 768w, https:\/\/www.vandaomeopatici.it\/it\/wp-content\/uploads\/2023\/07\/cause-ed-effetti-dellinfiammazione-cronico-sistemica-1536x875.webp 1536w, https:\/\/www.vandaomeopatici.it\/it\/wp-content\/uploads\/2023\/07\/cause-ed-effetti-dellinfiammazione-cronico-sistemica-150x85.webp 150w, https:\/\/www.vandaomeopatici.it\/it\/wp-content\/uploads\/2023\/07\/cause-ed-effetti-dellinfiammazione-cronico-sistemica-696x397.webp 696w, https:\/\/www.vandaomeopatici.it\/it\/wp-content\/uploads\/2023\/07\/cause-ed-effetti-dellinfiammazione-cronico-sistemica-1068x609.webp 1068w\" sizes=\"auto, (max-width: 1881px) 100vw, 1881px\" \/><\/p>\n<p>I ricercatori hanno identificato diverse cause che portano all&#8217;infiammazione cronica sistemica di basso grado (SCI) e le relative conseguenze.<\/p>\n<p>Come illustrato nella parte sinistra del diagramma, i fattori scatenanti pi\u00f9 comuni dell&#8217;SCI (elencati in senso antiorario) comprendono\u00a0<b class=\"bard-text-block style-scope\">infezioni croniche<\/b>,\u00a0<b class=\"bard-text-block style-scope\">inattivit\u00e0 fisica, <a href=\"https:\/\/www.vandaomeopatici.it\/it\/insulino-resistenza-e-diabete\/\">obesit\u00e0<\/a><\/b>\u00a0(in particolare quella viscerale), disbiosi intestinale, una dieta non equilibrata, l&#8217;isolamento sociale, lo stress psicologico,\u00a0<b class=\"bard-text-block style-scope\">disturbi del sonno<\/b>, ritmi circadiani alterati e l&#8217;esposizione a xenobiotici. Questi ultimi includono inquinanti atmosferici, rifiuti pericolosi, sostanze chimiche industriali e fumo.<\/p>\n<p>Nella parte destra del diagramma, invece, sono illustrate le conseguenze dell&#8217;SCI (elencate in senso orario).<\/p>\n<p>Queste comprendono la\u00a0<b class=\"bard-text-block style-scope\"><a href=\"https:\/\/www.vandaomeopatici.it\/it\/insulino-resistenza-integratori-e-soluzioni-per-la-tua-salute\/\">sindrome metabolica<\/a><\/b>, il <a href=\"https:\/\/www.vandaomeopatici.it\/it\/silimarina-benefici-per-glicemia-e-insulino-resistenza\/\">diabete<\/a> di tipo 2, la malattia del fegato grasso non alcolica (NAFLD), le <a href=\"https:\/\/www.vandaomeopatici.it\/it\/quando-il-valore-della-glicemia-e-preoccupante\/\">malattie cardiovascolari<\/a>, il\u00a0<b class=\"bard-text-block style-scope\">cancro<\/b>, la depressione, le\u00a0<b class=\"bard-text-block style-scope\">malattie autoimmuni<\/b>, le malattie neurodegenerative, la sarcopenia (perdita di massa muscolare),\u00a0<b class=\"bard-text-block style-scope\">l&#8217;osteoporosi<\/b>\u00a0e l&#8217;immunosenescenza (<a href=\"https:\/\/www.vandaomeopatici.it\/it\/piccola-enciclopedia-del-glutatione\/\">invecchiamento<\/a> del sistema immunitario).<\/p>\n<p>L\u2019 infografica riportata sopra illustra in modo efficace la\u00a0<b class=\"bard-text-block style-scope\">relazione ciclica<\/b>\u00a0tra le cause dell&#8217;infiammazione cronica sistemica, l&#8217;infiammazione stessa e gli effetti patologici risultanti.<\/p>\n<p>Questa relazione \u00e8 rappresentata come una serie di ingranaggi interconnessi, simili a quelli visti nel film\u00a0<b class=\"bard-text-block style-scope\">&#8220;Tempi Moderni&#8221; di Charlie Chaplin.<\/b><\/p>\n<p><img loading=\"lazy\" decoding=\"async\" class=\"aligncenter size-full wp-image-13028\" src=\"https:\/\/www.vandaomeopatici.it\/it\/wp-content\/uploads\/2023\/07\/Tempi-moderni.webp\" alt=\"\" width=\"1200\" height=\"675\" srcset=\"https:\/\/www.vandaomeopatici.it\/it\/wp-content\/uploads\/2023\/07\/Tempi-moderni.webp 1200w, https:\/\/www.vandaomeopatici.it\/it\/wp-content\/uploads\/2023\/07\/Tempi-moderni-300x169.webp 300w, https:\/\/www.vandaomeopatici.it\/it\/wp-content\/uploads\/2023\/07\/Tempi-moderni-536x302.webp 536w, https:\/\/www.vandaomeopatici.it\/it\/wp-content\/uploads\/2023\/07\/Tempi-moderni-768x432.webp 768w, https:\/\/www.vandaomeopatici.it\/it\/wp-content\/uploads\/2023\/07\/Tempi-moderni-150x84.webp 150w, https:\/\/www.vandaomeopatici.it\/it\/wp-content\/uploads\/2023\/07\/Tempi-moderni-696x392.webp 696w, https:\/\/www.vandaomeopatici.it\/it\/wp-content\/uploads\/2023\/07\/Tempi-moderni-1068x601.webp 1068w\" sizes=\"auto, (max-width: 1200px) 100vw, 1200px\" \/><\/p>\n<p>Il pi\u00f9 piccolo degli ingranaggi rappresenta le cause scatenanti, in grado di attivare l&#8217;ingranaggio centrale, rappresentante l&#8217;infiammazione cronica sistemica.<\/p>\n<p>L&#8217;ingranaggio centrale, una volta attivato, mette in moto l&#8217;ingranaggio pi\u00f9 grande, che rappresenta gli effetti patologici della SCI.<\/p>\n<p>L&#8217;ingranaggio pi\u00f9 grande, a sua volta, imprime un&#8217;accelerazione all&#8217;ingranaggio intermedio, che a sua volta accelera l&#8217;ingranaggio pi\u00f9 piccolo, aumentando cos\u00ec la velocit\u00e0 e l&#8217;intensit\u00e0 delle cause dell&#8217;infiammazione.<\/p>\n<p>Questo ciclo perpetuo illustra come le cause dell&#8217;infiammazione possano alimentare ulteriormente l&#8217;infiammazione stessa, creando un\u00a0<b class=\"bard-text-block style-scope\">ciclo di retroazione positiva<\/b>\u00a0che amplifica gli effetti patologici.<\/p>\n<p><b class=\"bard-text-block style-scope\">Come possiamo allora interrompere questo ciclo di ingranaggi patogenetici, cos\u00ec emblematico dei &#8220;nostri&#8221; tempi moderni?<br \/>\n<\/b><br \/>\nQuesta domanda \u00e8 stata al centro di numerose discussioni, in particolare durante i seminari con il Professor Bardaro.<\/p>\n<p>In queste occasioni, abbiamo spesso evidenziato l&#8217;importanza della nutraceutica come strumento fondamentale per\u00a0<b class=\"bard-text-block style-scope\">contrastare l&#8217;infiammazione.<\/b><\/p>\n<p>Siamo consapevoli che affrontare i &#8220;<b class=\"bard-text-block style-scope\">tempi moderni&#8221; dell&#8217;infiammazione<\/b>\u00a0pu\u00f2 rappresentare una sfida non solo dal punto di vista della salute, ma anche economico.<\/p>\n<p>Una\u00a0<b class=\"bard-text-block style-scope\">critica<\/b>\u00a0che ci viene spesso rivolta \u00e8 che, sebbene i nostri rimedi siano straordinari, il loro\u00a0<b class=\"bard-text-block style-scope\">costo pu\u00f2 essere proibitivo<\/b>\u00a0per molti.<\/p>\n<p>Per venire incontro alle esigenze dei pazienti, abbiamo deciso di creare un kit specifico e di offrirlo a un prezzo speciale.<\/p>\n<p><b class=\"bard-text-block style-scope\">Il\u00a0<a class=\"bard-text-block style-scope\" href=\"https:\/\/vandastore.it\/product\/pack-infiammazione-cronica\/\">kit antinfiammatorio<\/a>, che ha un valore di 132,06 euro, \u00e8 ora disponibile a soli 70,35 euro.<\/b><\/p>\n<p><a href=\"https:\/\/vandastore.it\/product\/pack-infiammazione-cronica\/\"><img loading=\"lazy\" decoding=\"async\" class=\"aligncenter size-full wp-image-13030\" src=\"https:\/\/www.vandaomeopatici.it\/it\/wp-content\/uploads\/2023\/07\/Pufacur-Pack-3x-600x600-1.jpg\" alt=\"Pack infiammazione cronica\" width=\"600\" height=\"600\" srcset=\"https:\/\/www.vandaomeopatici.it\/it\/wp-content\/uploads\/2023\/07\/Pufacur-Pack-3x-600x600-1.jpg 600w, https:\/\/www.vandaomeopatici.it\/it\/wp-content\/uploads\/2023\/07\/Pufacur-Pack-3x-600x600-1-300x300.jpg 300w, https:\/\/www.vandaomeopatici.it\/it\/wp-content\/uploads\/2023\/07\/Pufacur-Pack-3x-600x600-1-536x536.jpg 536w, https:\/\/www.vandaomeopatici.it\/it\/wp-content\/uploads\/2023\/07\/Pufacur-Pack-3x-600x600-1-150x150.jpg 150w\" sizes=\"auto, (max-width: 600px) 100vw, 600px\" \/><\/a><\/p>\n<p class=\"style-scope bard-text-block\">Questa offerta rappresenta un notevole\u00a0<b class=\"bard-text-block style-scope\">vantaggio<\/b>:<\/p>\n<p>grazie ad essa, un pacchetto antinfiammatorio completo del valore di 132 euro pu\u00f2 essere acquistato a soli 70,35 euro.<\/p>\n<p>Questo significa che si pu\u00f2 avere accesso a un trattamento completo per l&#8217;infiammazione cronica sistemica con uno sconto di oltre il 45%.<\/p>\n<p>Il kit include:<\/p>\n<p>&#8211;\u00a0<b class=\"bard-text-block style-scope\">Pufacur Green<\/b>: con estratto secco di Curcuma Longa, standardizzato al 45% di curcuminoidi, con omega 3 da alga Schizochytrium, l\u2019alimento pi\u00f9 ricco di Omega-3 al mondo. Completato da: Vitamina D3, Zinco, Selenio, Vitamina A, <a href=\"https:\/\/www.vandaomeopatici.it\/it\/piccola-enciclopedia-del-glutatione\/\">Vitamina E<\/a>, Vitamina C.<\/p>\n<p>&#8211;\u00a0<b class=\"bard-text-block style-scope\">Glava<\/b>: olio di borragine ricco di acido gamma-linolenico (GLA), noto per la sua funzione antiinfiammatoria: agisce come precursore delle prostaglandine della serie 1 (PGE1), lipidi che esercitano un\u2019azione regolatoria sulla risposta immunitaria e sulla salute delle cellule.<\/p>\n<p>&#8211;\u00a0<b class=\"bard-text-block style-scope\">Greenfor<\/b>: con Coleus forskohlii, t\u00e8 verde titolato in epigallocatechina-3-gallato, caff\u00e8 verde, arancio amaro e cacao. Stimola il <a href=\"https:\/\/www.vandaomeopatici.it\/it\/insulino-resistenza-sintomi-conseguenze-e-soluzioni\/\">metabolismo<\/a> senza affaticare la tiroide.<\/p>\n<p><b class=\"bard-text-block style-scope\">Riepilogo dell\u2019offerta \u201ctempi moderni\u201d:<\/b><\/p>\n<p class=\"style-scope bard-text-block\">&#8211; Pufacur Green: 70,35 euro<br \/>\n&#8211; Glava: 29,15 euro<br \/>\n&#8211; Greenfor: 29,15 euro<\/p>\n<p><b class=\"bard-text-block style-scope\">Valore Totale del Kit: 132,06 euro. In offerta a soli 70,35<\/b><\/p>\n<p><strong><img loading=\"lazy\" decoding=\"async\" class=\"aligncenter size-full wp-image-13029\" src=\"https:\/\/www.vandaomeopatici.it\/it\/wp-content\/uploads\/2023\/07\/charlie-chaplin-profilo.jpg\" alt=\"\" width=\"460\" height=\"276\" srcset=\"https:\/\/www.vandaomeopatici.it\/it\/wp-content\/uploads\/2023\/07\/charlie-chaplin-profilo.jpg 460w, https:\/\/www.vandaomeopatici.it\/it\/wp-content\/uploads\/2023\/07\/charlie-chaplin-profilo-300x180.jpg 300w, https:\/\/www.vandaomeopatici.it\/it\/wp-content\/uploads\/2023\/07\/charlie-chaplin-profilo-150x90.jpg 150w\" sizes=\"auto, (max-width: 460px) 100vw, 460px\" \/><\/strong><\/p>\n<p class=\"style-scope bard-text-block\">Charlie Chaplin una volta disse:<\/p>\n<p><i class=\"bard-text-block style-scope\"><b class=\"bard-text-block style-scope\">&#8216;La vita \u00e8 una tragedia in primo piano, ma una commedia in campo lungo&#8217;.<br \/>\n<\/b><\/i><br \/>\nQuesto concetto pu\u00f2 essere applicato anche all&#8217;infiammazione cronica sistemica.<\/p>\n<p>In primo piano, l&#8217;infiammazione si manifesta come una serie di patologie distinte e apparentemente non correlate, assumendo le sembianze di una &#8220;tragedia&#8221;.<\/p>\n<p>Ma se osserviamo la situazione in campo lungo, ci rendiamo conto che molte di queste patologie sono in realt\u00e0 manifestazioni diverse dello stesso problema:\u00a0<b class=\"bard-text-block style-scope\">l&#8217;infiammazione cronica sistemica<\/b>.<\/p>\n<p>Ecco perch\u00e9 \u00e8 fondamentale affrontare l&#8217;infiammazione alla radice, per trasformare quella che potrebbe portare a una tragedia, se non in una commedia, per lo meno in un &#8220;film&#8221; pi\u00f9 gestibile e controllabile.<br \/>\nMagari con un\u00a0<b class=\"bard-text-block style-scope\">happy ending.<\/b><\/p>\n<p>Trovi l&#8217;offerta sul nostro store<br \/>\n<b class=\"bard-text-block style-scope\"><a class=\"bard-text-block style-scope\" href=\"https:\/\/vandastore.it\/product\/pack-infiammazione-cronica\/\">https:\/\/vandastore.it\/product\/pack-infiammazione-cronica\/<\/a><\/b><\/p>\n<p><a href=\"https:\/\/vandastore.it\/product\/pack-infiammazione-cronica\/\"><img loading=\"lazy\" decoding=\"async\" class=\"aligncenter size-full wp-image-13030\" src=\"https:\/\/www.vandaomeopatici.it\/it\/wp-content\/uploads\/2023\/07\/Pufacur-Pack-3x-600x600-1.jpg\" alt=\"Pack infiammazione cronica\" width=\"600\" height=\"600\" srcset=\"https:\/\/www.vandaomeopatici.it\/it\/wp-content\/uploads\/2023\/07\/Pufacur-Pack-3x-600x600-1.jpg 600w, https:\/\/www.vandaomeopatici.it\/it\/wp-content\/uploads\/2023\/07\/Pufacur-Pack-3x-600x600-1-300x300.jpg 300w, https:\/\/www.vandaomeopatici.it\/it\/wp-content\/uploads\/2023\/07\/Pufacur-Pack-3x-600x600-1-536x536.jpg 536w, https:\/\/www.vandaomeopatici.it\/it\/wp-content\/uploads\/2023\/07\/Pufacur-Pack-3x-600x600-1-150x150.jpg 150w\" sizes=\"auto, (max-width: 600px) 100vw, 600px\" \/><\/a><\/p>\n<p class=\"style-scope bard-text-block\">\n","protected":false},"excerpt":{"rendered":"<p>La rivista Nature, una delle pi\u00f9 autorevoli pubblicazioni scientifiche a livello mondiale, ha recentemente dedicato un articolo all&#8217;importanza dell&#8217;infiammazione cronica sistemica (SCI) nella patogenesi delle malattie. Questo fatto sottolinea l&#8217;importanza crescente che la SCI sta assumendo nel panorama della ricerca medica e la sua rilevanza per la salute globale. L&#8217;articolo, intitolato\u00a0&#8220;Chronic inflammation in the etiology [&hellip;]<\/p>\n","protected":false},"author":5,"featured_media":13027,"comment_status":"closed","ping_status":"closed","sticky":false,"template":"","format":"standard","meta":{"footnotes":""},"categories":[415,416],"tags":[],"class_list":{"0":"post-13026","1":"post","2":"type-post","3":"status-publish","4":"format-standard","5":"has-post-thumbnail","7":"category-integratore-curcuma-omega3","8":"category-pufacur-integratore-alimentare-curcuma-omega3"},"yoast_head":"<!-- This site is optimized with the Yoast SEO Premium plugin v25.2 (Yoast SEO v26.9) - https:\/\/yoast.com\/product\/yoast-seo-premium-wordpress\/ -->\n<title>Infiammazione cronico sistemica, come intervenire.<\/title>\n<meta name=\"description\" content=\"&quot;Scopri come intervenire sull&#039;infiammazione cronica silente. L&#039; articolo offre una panoramica sulle cause, le conseguenze e le strategie preventive e per gestire questo problema sottovalutato.&quot;\" \/>\n<meta name=\"robots\" content=\"index, follow, max-snippet:-1, max-image-preview:large, max-video-preview:-1\" \/>\n<link rel=\"canonical\" href=\"https:\/\/www.vandaomeopatici.it\/it\/infiammazione-cronico-sistemica\/\" \/>\n<meta property=\"og:locale\" content=\"it_IT\" \/>\n<meta property=\"og:type\" content=\"article\" \/>\n<meta property=\"og:title\" content=\"Infiammazione cronico sistemica, come intervenire.\" \/>\n<meta property=\"og:description\" content=\"&quot;Scopri come intervenire sull&#039;infiammazione cronica silente. L&#039; articolo offre una panoramica sulle cause, le conseguenze e le strategie preventive e per gestire questo problema sottovalutato.&quot;\" \/>\n<meta property=\"og:url\" content=\"https:\/\/www.vandaomeopatici.it\/it\/infiammazione-cronico-sistemica\/\" \/>\n<meta property=\"og:site_name\" content=\"Vanda Integrative Medicine\" \/>\n<meta property=\"article:publisher\" content=\"https:\/\/www.facebook.com\/vandaomeopatici\" \/>\n<meta property=\"article:published_time\" content=\"2023-07-11T14:31:32+00:00\" \/>\n<meta property=\"article:modified_time\" content=\"2023-07-12T08:28:07+00:00\" \/>\n<meta property=\"og:image\" content=\"https:\/\/www.vandaomeopatici.it\/it\/wp-content\/uploads\/2023\/07\/cause-ed-effetti-dellinfiammazione-cronico-sistemica.webp\" \/>\n\t<meta property=\"og:image:width\" content=\"1881\" \/>\n\t<meta property=\"og:image:height\" content=\"1072\" \/>\n\t<meta property=\"og:image:type\" content=\"image\/webp\" \/>\n<meta name=\"author\" content=\"redazione\" \/>\n<meta name=\"twitter:card\" content=\"summary_large_image\" \/>\n<meta name=\"twitter:creator\" content=\"@VandaOmeopatici\" \/>\n<meta name=\"twitter:site\" content=\"@VandaOmeopatici\" \/>\n<meta name=\"twitter:label1\" content=\"Scritto da\" \/>\n\t<meta name=\"twitter:data1\" content=\"redazione\" \/>\n\t<meta name=\"twitter:label2\" content=\"Tempo di lettura stimato\" \/>\n\t<meta name=\"twitter:data2\" content=\"6 minuti\" \/>\n<script type=\"application\/ld+json\" class=\"yoast-schema-graph\">{\"@context\":\"https:\/\/schema.org\",\"@graph\":[{\"@type\":\"Article\",\"@id\":\"https:\/\/www.vandaomeopatici.it\/it\/infiammazione-cronico-sistemica\/#article\",\"isPartOf\":{\"@id\":\"https:\/\/www.vandaomeopatici.it\/it\/infiammazione-cronico-sistemica\/\"},\"author\":{\"name\":\"redazione\",\"@id\":\"https:\/\/www.vandaomeopatici.it\/it\/#\/schema\/person\/a0551e50d6828fb0bd2abfbe6053dd74\"},\"headline\":\"Infiammazione cronico sistemica, come intervenire.\",\"datePublished\":\"2023-07-11T14:31:32+00:00\",\"dateModified\":\"2023-07-12T08:28:07+00:00\",\"mainEntityOfPage\":{\"@id\":\"https:\/\/www.vandaomeopatici.it\/it\/infiammazione-cronico-sistemica\/\"},\"wordCount\":807,\"publisher\":{\"@id\":\"https:\/\/www.vandaomeopatici.it\/it\/#organization\"},\"image\":{\"@id\":\"https:\/\/www.vandaomeopatici.it\/it\/infiammazione-cronico-sistemica\/#primaryimage\"},\"thumbnailUrl\":\"https:\/\/www.vandaomeopatici.it\/it\/wp-content\/uploads\/2023\/07\/cause-ed-effetti-dellinfiammazione-cronico-sistemica.webp\",\"articleSection\":[\"Integratore Curcuma e Omega 3\",\"Pufacur Integratore Alimentare\"],\"inLanguage\":\"it-IT\"},{\"@type\":\"WebPage\",\"@id\":\"https:\/\/www.vandaomeopatici.it\/it\/infiammazione-cronico-sistemica\/\",\"url\":\"https:\/\/www.vandaomeopatici.it\/it\/infiammazione-cronico-sistemica\/\",\"name\":\"Infiammazione cronico sistemica, come intervenire.\",\"isPartOf\":{\"@id\":\"https:\/\/www.vandaomeopatici.it\/it\/#website\"},\"primaryImageOfPage\":{\"@id\":\"https:\/\/www.vandaomeopatici.it\/it\/infiammazione-cronico-sistemica\/#primaryimage\"},\"image\":{\"@id\":\"https:\/\/www.vandaomeopatici.it\/it\/infiammazione-cronico-sistemica\/#primaryimage\"},\"thumbnailUrl\":\"https:\/\/www.vandaomeopatici.it\/it\/wp-content\/uploads\/2023\/07\/cause-ed-effetti-dellinfiammazione-cronico-sistemica.webp\",\"datePublished\":\"2023-07-11T14:31:32+00:00\",\"dateModified\":\"2023-07-12T08:28:07+00:00\",\"description\":\"\\\"Scopri come intervenire sull'infiammazione cronica silente. L' articolo offre una panoramica sulle cause, le conseguenze e le strategie preventive e per gestire questo problema sottovalutato.\\\"\",\"breadcrumb\":{\"@id\":\"https:\/\/www.vandaomeopatici.it\/it\/infiammazione-cronico-sistemica\/#breadcrumb\"},\"inLanguage\":\"it-IT\",\"potentialAction\":[{\"@type\":\"ReadAction\",\"target\":[\"https:\/\/www.vandaomeopatici.it\/it\/infiammazione-cronico-sistemica\/\"]}]},{\"@type\":\"ImageObject\",\"inLanguage\":\"it-IT\",\"@id\":\"https:\/\/www.vandaomeopatici.it\/it\/infiammazione-cronico-sistemica\/#primaryimage\",\"url\":\"https:\/\/www.vandaomeopatici.it\/it\/wp-content\/uploads\/2023\/07\/cause-ed-effetti-dellinfiammazione-cronico-sistemica.webp\",\"contentUrl\":\"https:\/\/www.vandaomeopatici.it\/it\/wp-content\/uploads\/2023\/07\/cause-ed-effetti-dellinfiammazione-cronico-sistemica.webp\",\"width\":1881,\"height\":1072,\"caption\":\"Grafico delle cause e dell'infiammazione cronico sistemica\"},{\"@type\":\"BreadcrumbList\",\"@id\":\"https:\/\/www.vandaomeopatici.it\/it\/infiammazione-cronico-sistemica\/#breadcrumb\",\"itemListElement\":[{\"@type\":\"ListItem\",\"position\":1,\"name\":\"Home\",\"item\":\"https:\/\/www.vandaomeopatici.it\/it\/\"},{\"@type\":\"ListItem\",\"position\":2,\"name\":\"Infiammazione cronico sistemica, come intervenire.\"}]},{\"@type\":\"WebSite\",\"@id\":\"https:\/\/www.vandaomeopatici.it\/it\/#website\",\"url\":\"https:\/\/www.vandaomeopatici.it\/it\/\",\"name\":\"Vanda Integrative Medicine\",\"description\":\"\",\"publisher\":{\"@id\":\"https:\/\/www.vandaomeopatici.it\/it\/#organization\"},\"potentialAction\":[{\"@type\":\"SearchAction\",\"target\":{\"@type\":\"EntryPoint\",\"urlTemplate\":\"https:\/\/www.vandaomeopatici.it\/it\/?s={search_term_string}\"},\"query-input\":{\"@type\":\"PropertyValueSpecification\",\"valueRequired\":true,\"valueName\":\"search_term_string\"}}],\"inLanguage\":\"it-IT\"},{\"@type\":\"Organization\",\"@id\":\"https:\/\/www.vandaomeopatici.it\/it\/#organization\",\"name\":\"Vanda Omeopatici\",\"url\":\"https:\/\/www.vandaomeopatici.it\/it\/\",\"logo\":{\"@type\":\"ImageObject\",\"inLanguage\":\"it-IT\",\"@id\":\"https:\/\/www.vandaomeopatici.it\/it\/#\/schema\/logo\/image\/\",\"url\":\"https:\/\/www.vandaomeopatici.it\/it\/wp-content\/uploads\/2015\/04\/logo_vanda_retina.png\",\"contentUrl\":\"https:\/\/www.vandaomeopatici.it\/it\/wp-content\/uploads\/2015\/04\/logo_vanda_retina.png\",\"width\":240,\"height\":240,\"caption\":\"Vanda Omeopatici\"},\"image\":{\"@id\":\"https:\/\/www.vandaomeopatici.it\/it\/#\/schema\/logo\/image\/\"},\"sameAs\":[\"https:\/\/www.facebook.com\/vandaomeopatici\",\"https:\/\/x.com\/VandaOmeopatici\",\"https:\/\/instagram.com\/vanda_omeopatici\/\",\"https:\/\/it.linkedin.com\/company\/vanda-omeopatici\",\"https:\/\/www.pinterest.com\/vandaomeopatici\/\"]},{\"@type\":\"Person\",\"@id\":\"https:\/\/www.vandaomeopatici.it\/it\/#\/schema\/person\/a0551e50d6828fb0bd2abfbe6053dd74\",\"name\":\"redazione\"}]}<\/script>\n<!-- \/ Yoast SEO Premium plugin. -->","yoast_head_json":{"title":"Infiammazione cronico sistemica, come intervenire.","description":"\"Scopri come intervenire sull'infiammazione cronica silente. L' articolo offre una panoramica sulle cause, le conseguenze e le strategie preventive e per gestire questo problema sottovalutato.\"","robots":{"index":"index","follow":"follow","max-snippet":"max-snippet:-1","max-image-preview":"max-image-preview:large","max-video-preview":"max-video-preview:-1"},"canonical":"https:\/\/www.vandaomeopatici.it\/it\/infiammazione-cronico-sistemica\/","og_locale":"it_IT","og_type":"article","og_title":"Infiammazione cronico sistemica, come intervenire.","og_description":"\"Scopri come intervenire sull'infiammazione cronica silente. L' articolo offre una panoramica sulle cause, le conseguenze e le strategie preventive e per gestire questo problema sottovalutato.\"","og_url":"https:\/\/www.vandaomeopatici.it\/it\/infiammazione-cronico-sistemica\/","og_site_name":"Vanda Integrative Medicine","article_publisher":"https:\/\/www.facebook.com\/vandaomeopatici","article_published_time":"2023-07-11T14:31:32+00:00","article_modified_time":"2023-07-12T08:28:07+00:00","og_image":[{"width":1881,"height":1072,"url":"https:\/\/www.vandaomeopatici.it\/it\/wp-content\/uploads\/2023\/07\/cause-ed-effetti-dellinfiammazione-cronico-sistemica.webp","type":"image\/webp"}],"author":"redazione","twitter_card":"summary_large_image","twitter_creator":"@VandaOmeopatici","twitter_site":"@VandaOmeopatici","twitter_misc":{"Scritto da":"redazione","Tempo di lettura stimato":"6 minuti"},"schema":{"@context":"https:\/\/schema.org","@graph":[{"@type":"Article","@id":"https:\/\/www.vandaomeopatici.it\/it\/infiammazione-cronico-sistemica\/#article","isPartOf":{"@id":"https:\/\/www.vandaomeopatici.it\/it\/infiammazione-cronico-sistemica\/"},"author":{"name":"redazione","@id":"https:\/\/www.vandaomeopatici.it\/it\/#\/schema\/person\/a0551e50d6828fb0bd2abfbe6053dd74"},"headline":"Infiammazione cronico sistemica, come intervenire.","datePublished":"2023-07-11T14:31:32+00:00","dateModified":"2023-07-12T08:28:07+00:00","mainEntityOfPage":{"@id":"https:\/\/www.vandaomeopatici.it\/it\/infiammazione-cronico-sistemica\/"},"wordCount":807,"publisher":{"@id":"https:\/\/www.vandaomeopatici.it\/it\/#organization"},"image":{"@id":"https:\/\/www.vandaomeopatici.it\/it\/infiammazione-cronico-sistemica\/#primaryimage"},"thumbnailUrl":"https:\/\/www.vandaomeopatici.it\/it\/wp-content\/uploads\/2023\/07\/cause-ed-effetti-dellinfiammazione-cronico-sistemica.webp","articleSection":["Integratore Curcuma e Omega 3","Pufacur Integratore Alimentare"],"inLanguage":"it-IT"},{"@type":"WebPage","@id":"https:\/\/www.vandaomeopatici.it\/it\/infiammazione-cronico-sistemica\/","url":"https:\/\/www.vandaomeopatici.it\/it\/infiammazione-cronico-sistemica\/","name":"Infiammazione cronico sistemica, come intervenire.","isPartOf":{"@id":"https:\/\/www.vandaomeopatici.it\/it\/#website"},"primaryImageOfPage":{"@id":"https:\/\/www.vandaomeopatici.it\/it\/infiammazione-cronico-sistemica\/#primaryimage"},"image":{"@id":"https:\/\/www.vandaomeopatici.it\/it\/infiammazione-cronico-sistemica\/#primaryimage"},"thumbnailUrl":"https:\/\/www.vandaomeopatici.it\/it\/wp-content\/uploads\/2023\/07\/cause-ed-effetti-dellinfiammazione-cronico-sistemica.webp","datePublished":"2023-07-11T14:31:32+00:00","dateModified":"2023-07-12T08:28:07+00:00","description":"\"Scopri come intervenire sull'infiammazione cronica silente. L' articolo offre una panoramica sulle cause, le conseguenze e le strategie preventive e per gestire questo problema sottovalutato.\"","breadcrumb":{"@id":"https:\/\/www.vandaomeopatici.it\/it\/infiammazione-cronico-sistemica\/#breadcrumb"},"inLanguage":"it-IT","potentialAction":[{"@type":"ReadAction","target":["https:\/\/www.vandaomeopatici.it\/it\/infiammazione-cronico-sistemica\/"]}]},{"@type":"ImageObject","inLanguage":"it-IT","@id":"https:\/\/www.vandaomeopatici.it\/it\/infiammazione-cronico-sistemica\/#primaryimage","url":"https:\/\/www.vandaomeopatici.it\/it\/wp-content\/uploads\/2023\/07\/cause-ed-effetti-dellinfiammazione-cronico-sistemica.webp","contentUrl":"https:\/\/www.vandaomeopatici.it\/it\/wp-content\/uploads\/2023\/07\/cause-ed-effetti-dellinfiammazione-cronico-sistemica.webp","width":1881,"height":1072,"caption":"Grafico delle cause e dell'infiammazione cronico sistemica"},{"@type":"BreadcrumbList","@id":"https:\/\/www.vandaomeopatici.it\/it\/infiammazione-cronico-sistemica\/#breadcrumb","itemListElement":[{"@type":"ListItem","position":1,"name":"Home","item":"https:\/\/www.vandaomeopatici.it\/it\/"},{"@type":"ListItem","position":2,"name":"Infiammazione cronico sistemica, come intervenire."}]},{"@type":"WebSite","@id":"https:\/\/www.vandaomeopatici.it\/it\/#website","url":"https:\/\/www.vandaomeopatici.it\/it\/","name":"Vanda Integrative Medicine","description":"","publisher":{"@id":"https:\/\/www.vandaomeopatici.it\/it\/#organization"},"potentialAction":[{"@type":"SearchAction","target":{"@type":"EntryPoint","urlTemplate":"https:\/\/www.vandaomeopatici.it\/it\/?s={search_term_string}"},"query-input":{"@type":"PropertyValueSpecification","valueRequired":true,"valueName":"search_term_string"}}],"inLanguage":"it-IT"},{"@type":"Organization","@id":"https:\/\/www.vandaomeopatici.it\/it\/#organization","name":"Vanda Omeopatici","url":"https:\/\/www.vandaomeopatici.it\/it\/","logo":{"@type":"ImageObject","inLanguage":"it-IT","@id":"https:\/\/www.vandaomeopatici.it\/it\/#\/schema\/logo\/image\/","url":"https:\/\/www.vandaomeopatici.it\/it\/wp-content\/uploads\/2015\/04\/logo_vanda_retina.png","contentUrl":"https:\/\/www.vandaomeopatici.it\/it\/wp-content\/uploads\/2015\/04\/logo_vanda_retina.png","width":240,"height":240,"caption":"Vanda Omeopatici"},"image":{"@id":"https:\/\/www.vandaomeopatici.it\/it\/#\/schema\/logo\/image\/"},"sameAs":["https:\/\/www.facebook.com\/vandaomeopatici","https:\/\/x.com\/VandaOmeopatici","https:\/\/instagram.com\/vanda_omeopatici\/","https:\/\/it.linkedin.com\/company\/vanda-omeopatici","https:\/\/www.pinterest.com\/vandaomeopatici\/"]},{"@type":"Person","@id":"https:\/\/www.vandaomeopatici.it\/it\/#\/schema\/person\/a0551e50d6828fb0bd2abfbe6053dd74","name":"redazione"}]}},"_links":{"self":[{"href":"https:\/\/www.vandaomeopatici.it\/it\/wp-json\/wp\/v2\/posts\/13026","targetHints":{"allow":["GET"]}}],"collection":[{"href":"https:\/\/www.vandaomeopatici.it\/it\/wp-json\/wp\/v2\/posts"}],"about":[{"href":"https:\/\/www.vandaomeopatici.it\/it\/wp-json\/wp\/v2\/types\/post"}],"author":[{"embeddable":true,"href":"https:\/\/www.vandaomeopatici.it\/it\/wp-json\/wp\/v2\/users\/5"}],"replies":[{"embeddable":true,"href":"https:\/\/www.vandaomeopatici.it\/it\/wp-json\/wp\/v2\/comments?post=13026"}],"version-history":[{"count":0,"href":"https:\/\/www.vandaomeopatici.it\/it\/wp-json\/wp\/v2\/posts\/13026\/revisions"}],"wp:featuredmedia":[{"embeddable":true,"href":"https:\/\/www.vandaomeopatici.it\/it\/wp-json\/wp\/v2\/media\/13027"}],"wp:attachment":[{"href":"https:\/\/www.vandaomeopatici.it\/it\/wp-json\/wp\/v2\/media?parent=13026"}],"wp:term":[{"taxonomy":"category","embeddable":true,"href":"https:\/\/www.vandaomeopatici.it\/it\/wp-json\/wp\/v2\/categories?post=13026"},{"taxonomy":"post_tag","embeddable":true,"href":"https:\/\/www.vandaomeopatici.it\/it\/wp-json\/wp\/v2\/tags?post=13026"}],"curies":[{"name":"wp","href":"https:\/\/api.w.org\/{rel}","templated":true}]}}