{"id":13230,"date":"2023-10-10T14:51:16","date_gmt":"2023-10-10T12:51:16","guid":{"rendered":"https:\/\/www.vandaomeopatici.it\/it\/?p=13230"},"modified":"2023-10-25T12:28:40","modified_gmt":"2023-10-25T10:28:40","slug":"vanda-magazine-16-speciale-insu-lean","status":"publish","type":"post","link":"https:\/\/www.vandaomeopatici.it\/it\/vanda-magazine-16-speciale-insu-lean\/","title":{"rendered":"Vanda Magazine 16: Speciale Insu Lean"},"content":{"rendered":"<p><a href=\"https:\/\/vandastore.it\/product\/insu-lean\/\"><strong>INSU LEAN\u00ae<\/strong><\/a> \u00e8 il nostro innovativo prodotto concepito per <strong>contrastare l\u2019insulino resistenza.<\/strong><\/p>\n<p>Il nome nasce dalla fusione di <strong>\u201cinsulina\u201d e \u201clean\u201d<\/strong>, che significa agile.<\/p>\n<p>Il simbolo scelto \u00e8 lo <strong>stambecco<\/strong>, noto per la sua agilit\u00e0 e per la sua abilit\u00e0 nel destreggiarsi sui <strong>ripidi picchi montuosi<\/strong>, una metafora perfetta per i <strong><a href=\"https:\/\/www.vandaomeopatici.it\/it\/quando-il-valore-della-glicemia-e-preoccupante\/\">picchi glicemici<\/a>.<\/strong><\/p>\n<p>Il nostro motto? <strong>\u201cSalta lontano dal diabete\u201d<\/strong>.<\/p>\n<p>Lo stambecco sar\u00e0 la nostra guida in questo numero speciale del <strong>Vanda Magazine.<\/strong><\/p>\n<p>Cominciamo con la sezione centrale, denominata <strong>\u201cCorriere dello Stambecco\u201d<\/strong>, che offre notizie e approfondimenti scientifici sull\u2019insulino resistenza.<\/p>\n<p>Il primo articolo del Corriere dello Stambecco mette in evidenza dati preoccupanti:<\/p>\n<p><em>422 milioni di persone sono affette da questo problema a livello globale, e 3,5 milioni solo in Italia.<\/em><\/p>\n<p>Le cifre del <a href=\"https:\/\/www.vandaomeopatici.it\/it\/silimarina-benefici-per-glicemia-e-insulino-resistenza\/\">diabete<\/a> sono davvero <strong>allarmanti.\u00a0<\/strong><\/p>\n<p>Date queste premesse, il \u201cCorriere dello Stambecco\u201d presenta tre aggiornamenti cruciali:<\/p>\n<p>1. Una recente revisione sistematica ha rivelato che <strong>l\u2019uso di statine potrebbe indurre <a href=\"https:\/\/www.vandaomeopatici.it\/it\/silimarina-benefici-per-glicemia-e-insulino-resistenza\/\">insulino-resistenza<\/a>.<\/strong> (vedi pagina 108)<\/p>\n<p>2. Un articolo recente sottolinea che <strong>molti pazienti sono restii a trattare l\u2019insulino resistenza con la <a href=\"https:\/\/www.vandaomeopatici.it\/it\/metformina-e-glicemia\/\">metformina<\/a>.<\/strong><\/p>\n<p>3. Una nuova meta-analisi evidenzia che <a href=\"https:\/\/www.vandaomeopatici.it\/it\/insulino-resistenza-integratori-e-soluzioni-per-la-tua-salute\/\">insulina<\/a> e metformina hanno dato<strong> risultati molto deludenti<\/strong> nel trattamento dell\u2019insulino resistenza e del <a href=\"https:\/\/www.vandaomeopatici.it\/it\/silimarina-benefici-per-glicemia-e-insulino-resistenza\/\">pre-diabete<\/a>. (vedi pagina 118)<\/p>\n<p>Gli autori di questo importante studio concludono invitando la comunit\u00e0 scientifica a cercare <strong>nuove soluzioni.<\/strong><\/p>\n<p>E noi abbiamo provato a rispondere a questa chiamata.<\/p>\n<p><strong>InsuLean \u00e8 stata la nostra risposta.<\/strong><\/p>\n<p>Per presentare questo prodotto innovativo, abbiamo organizzato un corso speciale.<br \/>\nTrovi le informazioni per rivederlo a pagina 98.<\/p>\n<p>Questa edizione speciale del magazine include anche articoli e testimonianze di Professionisti della Salute che hanno condiviso con noi<strong> la sfida di affrontare l\u2019insulino resistenza<\/strong> durante questo corso. Li trovi nella prima parte.<\/p>\n<p>Sar\u00e0 come ascoltare le esperienze dirette dei tuoi colleghi, i quali ti racconteranno le scoperte fatte scalando queste \u201cvette\u201d.<\/p>\n<p><img loading=\"lazy\" decoding=\"async\" class=\"alignnone size-full wp-image-13235\" src=\"https:\/\/www.vandaomeopatici.it\/it\/wp-content\/uploads\/2023\/10\/Vanda-Magazine-speciale-Insuline-testimoniainza-Dott.ssa-Mirella-Nigro.png\" alt=\"\" width=\"2106\" height=\"1490\" srcset=\"https:\/\/www.vandaomeopatici.it\/it\/wp-content\/uploads\/2023\/10\/Vanda-Magazine-speciale-Insuline-testimoniainza-Dott.ssa-Mirella-Nigro.png 2106w, https:\/\/www.vandaomeopatici.it\/it\/wp-content\/uploads\/2023\/10\/Vanda-Magazine-speciale-Insuline-testimoniainza-Dott.ssa-Mirella-Nigro-300x212.png 300w, https:\/\/www.vandaomeopatici.it\/it\/wp-content\/uploads\/2023\/10\/Vanda-Magazine-speciale-Insuline-testimoniainza-Dott.ssa-Mirella-Nigro-536x379.png 536w, https:\/\/www.vandaomeopatici.it\/it\/wp-content\/uploads\/2023\/10\/Vanda-Magazine-speciale-Insuline-testimoniainza-Dott.ssa-Mirella-Nigro-768x543.png 768w, https:\/\/www.vandaomeopatici.it\/it\/wp-content\/uploads\/2023\/10\/Vanda-Magazine-speciale-Insuline-testimoniainza-Dott.ssa-Mirella-Nigro-1536x1087.png 1536w, https:\/\/www.vandaomeopatici.it\/it\/wp-content\/uploads\/2023\/10\/Vanda-Magazine-speciale-Insuline-testimoniainza-Dott.ssa-Mirella-Nigro-2048x1449.png 2048w, https:\/\/www.vandaomeopatici.it\/it\/wp-content\/uploads\/2023\/10\/Vanda-Magazine-speciale-Insuline-testimoniainza-Dott.ssa-Mirella-Nigro-150x106.png 150w, https:\/\/www.vandaomeopatici.it\/it\/wp-content\/uploads\/2023\/10\/Vanda-Magazine-speciale-Insuline-testimoniainza-Dott.ssa-Mirella-Nigro-696x492.png 696w, https:\/\/www.vandaomeopatici.it\/it\/wp-content\/uploads\/2023\/10\/Vanda-Magazine-speciale-Insuline-testimoniainza-Dott.ssa-Mirella-Nigro-1068x756.png 1068w, https:\/\/www.vandaomeopatici.it\/it\/wp-content\/uploads\/2023\/10\/Vanda-Magazine-speciale-Insuline-testimoniainza-Dott.ssa-Mirella-Nigro-1920x1358.png 1920w\" sizes=\"auto, (max-width: 2106px) 100vw, 2106px\" \/> <img loading=\"lazy\" decoding=\"async\" class=\"alignnone size-full wp-image-13236\" src=\"https:\/\/www.vandaomeopatici.it\/it\/wp-content\/uploads\/2023\/10\/Vanda-Magazine-speciale-Insuline-testimoniainza-Dottor-Alfonso-Bartiromo.png\" alt=\"\" width=\"2104\" height=\"1488\" srcset=\"https:\/\/www.vandaomeopatici.it\/it\/wp-content\/uploads\/2023\/10\/Vanda-Magazine-speciale-Insuline-testimoniainza-Dottor-Alfonso-Bartiromo.png 2104w, https:\/\/www.vandaomeopatici.it\/it\/wp-content\/uploads\/2023\/10\/Vanda-Magazine-speciale-Insuline-testimoniainza-Dottor-Alfonso-Bartiromo-300x212.png 300w, https:\/\/www.vandaomeopatici.it\/it\/wp-content\/uploads\/2023\/10\/Vanda-Magazine-speciale-Insuline-testimoniainza-Dottor-Alfonso-Bartiromo-536x379.png 536w, https:\/\/www.vandaomeopatici.it\/it\/wp-content\/uploads\/2023\/10\/Vanda-Magazine-speciale-Insuline-testimoniainza-Dottor-Alfonso-Bartiromo-768x543.png 768w, https:\/\/www.vandaomeopatici.it\/it\/wp-content\/uploads\/2023\/10\/Vanda-Magazine-speciale-Insuline-testimoniainza-Dottor-Alfonso-Bartiromo-1536x1086.png 1536w, https:\/\/www.vandaomeopatici.it\/it\/wp-content\/uploads\/2023\/10\/Vanda-Magazine-speciale-Insuline-testimoniainza-Dottor-Alfonso-Bartiromo-2048x1448.png 2048w, https:\/\/www.vandaomeopatici.it\/it\/wp-content\/uploads\/2023\/10\/Vanda-Magazine-speciale-Insuline-testimoniainza-Dottor-Alfonso-Bartiromo-150x106.png 150w, https:\/\/www.vandaomeopatici.it\/it\/wp-content\/uploads\/2023\/10\/Vanda-Magazine-speciale-Insuline-testimoniainza-Dottor-Alfonso-Bartiromo-696x492.png 696w, https:\/\/www.vandaomeopatici.it\/it\/wp-content\/uploads\/2023\/10\/Vanda-Magazine-speciale-Insuline-testimoniainza-Dottor-Alfonso-Bartiromo-1068x755.png 1068w, https:\/\/www.vandaomeopatici.it\/it\/wp-content\/uploads\/2023\/10\/Vanda-Magazine-speciale-Insuline-testimoniainza-Dottor-Alfonso-Bartiromo-1920x1358.png 1920w\" sizes=\"auto, (max-width: 2104px) 100vw, 2104px\" \/> <img loading=\"lazy\" decoding=\"async\" class=\"alignnone size-full wp-image-13237\" src=\"https:\/\/www.vandaomeopatici.it\/it\/wp-content\/uploads\/2023\/10\/Vanda-Magazine-speciale-Insuline-testimoniainza-Dottor-Marco-Conti.png\" alt=\"\" width=\"2104\" height=\"1490\" srcset=\"https:\/\/www.vandaomeopatici.it\/it\/wp-content\/uploads\/2023\/10\/Vanda-Magazine-speciale-Insuline-testimoniainza-Dottor-Marco-Conti.png 2104w, https:\/\/www.vandaomeopatici.it\/it\/wp-content\/uploads\/2023\/10\/Vanda-Magazine-speciale-Insuline-testimoniainza-Dottor-Marco-Conti-300x212.png 300w, https:\/\/www.vandaomeopatici.it\/it\/wp-content\/uploads\/2023\/10\/Vanda-Magazine-speciale-Insuline-testimoniainza-Dottor-Marco-Conti-536x380.png 536w, https:\/\/www.vandaomeopatici.it\/it\/wp-content\/uploads\/2023\/10\/Vanda-Magazine-speciale-Insuline-testimoniainza-Dottor-Marco-Conti-768x544.png 768w, https:\/\/www.vandaomeopatici.it\/it\/wp-content\/uploads\/2023\/10\/Vanda-Magazine-speciale-Insuline-testimoniainza-Dottor-Marco-Conti-1536x1088.png 1536w, https:\/\/www.vandaomeopatici.it\/it\/wp-content\/uploads\/2023\/10\/Vanda-Magazine-speciale-Insuline-testimoniainza-Dottor-Marco-Conti-2048x1450.png 2048w, https:\/\/www.vandaomeopatici.it\/it\/wp-content\/uploads\/2023\/10\/Vanda-Magazine-speciale-Insuline-testimoniainza-Dottor-Marco-Conti-150x106.png 150w, https:\/\/www.vandaomeopatici.it\/it\/wp-content\/uploads\/2023\/10\/Vanda-Magazine-speciale-Insuline-testimoniainza-Dottor-Marco-Conti-696x493.png 696w, https:\/\/www.vandaomeopatici.it\/it\/wp-content\/uploads\/2023\/10\/Vanda-Magazine-speciale-Insuline-testimoniainza-Dottor-Marco-Conti-1068x756.png 1068w, https:\/\/www.vandaomeopatici.it\/it\/wp-content\/uploads\/2023\/10\/Vanda-Magazine-speciale-Insuline-testimoniainza-Dottor-Marco-Conti-1920x1360.png 1920w\" sizes=\"auto, (max-width: 2104px) 100vw, 2104px\" \/><\/p>\n<p>Una considerazione generale:<\/p>\n<p><em><strong>Quando le soluzioni tradizionali mostrano i loro limiti, \u00e8 il momento di vedere il problema da una prospettiva nuova e pi\u00f9 ampia. E questo \u00e8 ci\u00f2 che abbiamo fatto nel corso.<\/strong><\/em><\/p>\n<p>Nel magazine, troverai due saggi fondamentali tratti da esso:<\/p>\n<p>1. Il saggio del <strong>Professor Bellavite<\/strong> sulla patogenesi dell\u2019insulino resistenza.<br \/>\n2. Il saggio del <strong>Professor Fazio<\/strong> sulle implicazioni cardiovascolari della resistenza all\u2019insulina.<\/p>\n<p>Al cuore del problema troviamo un <strong>circolo vizioso<\/strong>:<\/p>\n<p><strong><em>alta <a href=\"https:\/\/www.vandaomeopatici.it\/it\/silimarina-benefici-per-glicemia-e-insulino-resistenza\/\">glicemia<\/a> che causa iperinsulinemia, che a sua volta provoca resistenza all\u2019insulina, culminando in un ulteriore innalzamento della glicemia.<\/em><\/strong><\/p>\n<p>Questo ciclo pu\u00f2 essere paragonato a un volano, simile a quelli che vediamo nei parchi giochi per bambini.<\/p>\n<p>Il dilemma \u00e8: <strong>come fermare questo volano dell\u2019insulino-resistenza?<\/strong><\/p>\n<p>La risposta potrebbe risiedere in InsuLean.<\/p>\n<p>I suoi tre pilastri sono la <strong><a href=\"https:\/\/www.vandaomeopatici.it\/it\/silimarina-benefici-per-glicemia-e-insulino-resistenza\/\">berberina<\/a><\/strong>, la <strong><a href=\"https:\/\/www.vandaomeopatici.it\/it\/silimarina-benefici-per-glicemia-e-insulino-resistenza\/\">silimarina<\/a><\/strong> e la <strong><a href=\"https:\/\/www.vandaomeopatici.it\/it\/silimarina-benefici-per-glicemia-e-insulino-resistenza\/\">quercetina<\/a><\/strong>.<\/p>\n<p>Questi componenti agiscono in sinergia come agenti<strong> insulino-sensibilizzanti.<\/strong><\/p>\n<p>Sebbene la formula possa sembrare semplice, c\u2019\u00e8 una sofisticata \u201cingegneria\u201d dietro.<\/p>\n<p>La berberina, una molecola potente, una volta all\u2019interno della cellula viene rapidamente espulsa. Ma \u00e8 qui che entra in gioco la silimarina, bloccando questo meccanismo di espulsione, permettendo alla berberina di esprimere pienamente le sue propriet\u00e0 terapeutiche, ulteriormente potenziate dalla quercetina.<\/p>\n<p>Per una descrizione pi\u00f9 dettagliata, consulta l\u2019ultima sezione del magazine, dove<strong> troverai anche il modo d\u2019uso e le risposte alle domande pi\u00f9 frequenti.<\/strong><\/p>\n<p>Mentre ti appresti a inerpicarti nelle pagine di questo numero speciale, pensa a te stesso come a un esploratore in procinto di intraprendere un\u2019avventura attraverso le<strong> montagne della conoscenza.<\/strong><\/p>\n<p>Cos\u00ec come le montagne presentano pendii scoscesi e cime maestose, cos\u00ec il percorso per comprendere l\u2019insulino resistenza \u00e8 costellato di sfide e rivelazioni.<\/p>\n<p>Lo stambecco, con la sua notevole agilit\u00e0 (\u201cLean\u201d) nelle ascese, rappresenta la nostra determinazione nel superare gli ostacoli e raggiungere le vette della comprensione.<\/p>\n<p>Ciascun articolo e sezione in questo magazine rappresenta un passo in questo viaggio.<\/p>\n<p>Con lo stambecco come guida e la montagna come metafora, auguriamo che questo numero speciale del Vanda Magazine sia piacevole come l\u2019esperienza di <strong>raggiungere una vetta e contemplare l\u2019orizzonte sconfinato e aperto.<\/strong><\/p>\n<p>Buona scalata e buona lettura!<\/p>\n<h2 style=\"text-align: center;\"><strong>Richiedi il Vanda Magazine 16: Speciale Insu-Lean<\/strong><\/h2>\n<p><script type='text\/javascript' src='https:\/\/jpb720.infusionsoft.com\/app\/form\/iframe\/503d1f0a5c1def36ec84c3169e405fb3'><\/script><\/p>\n","protected":false},"excerpt":{"rendered":"<p>INSU LEAN\u00ae \u00e8 il nostro innovativo prodotto concepito per contrastare l\u2019insulino resistenza. Il nome nasce dalla fusione di \u201cinsulina\u201d e \u201clean\u201d, che significa agile. Il simbolo scelto \u00e8 lo stambecco, noto per la sua agilit\u00e0 e per la sua abilit\u00e0 nel destreggiarsi sui ripidi picchi montuosi, una metafora perfetta per i picchi glicemici. Il nostro [&hellip;]<\/p>\n","protected":false},"author":10,"featured_media":13231,"comment_status":"closed","ping_status":"closed","sticky":false,"template":"","format":"standard","meta":{"footnotes":""},"categories":[480,470],"tags":[],"class_list":{"0":"post-13230","1":"post","2":"type-post","3":"status-publish","4":"format-standard","5":"has-post-thumbnail","7":"category-insu-lean","8":"category-vanda-magazine"},"yoast_head":"<!-- This site is optimized with the Yoast SEO Premium plugin v25.2 (Yoast SEO v26.9) - https:\/\/yoast.com\/product\/yoast-seo-premium-wordpress\/ -->\n<title>Vanda Magazine 16: Speciale Insu Lean - Vanda Integrative Medicine<\/title>\n<meta name=\"robots\" content=\"index, follow, max-snippet:-1, max-image-preview:large, max-video-preview:-1\" \/>\n<link rel=\"canonical\" href=\"https:\/\/www.vandaomeopatici.it\/it\/vanda-magazine-16-speciale-insu-lean\/\" \/>\n<meta property=\"og:locale\" content=\"it_IT\" \/>\n<meta property=\"og:type\" content=\"article\" \/>\n<meta property=\"og:title\" content=\"Vanda Magazine 16: Speciale Insu Lean\" \/>\n<meta property=\"og:description\" content=\"INSU LEAN\u00ae \u00e8 il nostro innovativo prodotto concepito per contrastare l\u2019insulino resistenza. Il nome nasce dalla fusione di \u201cinsulina\u201d e \u201clean\u201d, che significa agile. Il simbolo scelto \u00e8 lo stambecco, noto per la sua agilit\u00e0 e per la sua abilit\u00e0 nel destreggiarsi sui ripidi picchi montuosi, una metafora perfetta per i picchi glicemici. Il nostro [&hellip;]\" \/>\n<meta property=\"og:url\" content=\"https:\/\/www.vandaomeopatici.it\/it\/vanda-magazine-16-speciale-insu-lean\/\" \/>\n<meta property=\"og:site_name\" content=\"Vanda Integrative Medicine\" \/>\n<meta property=\"article:publisher\" content=\"https:\/\/www.facebook.com\/vandaomeopatici\" \/>\n<meta property=\"article:published_time\" content=\"2023-10-10T12:51:16+00:00\" \/>\n<meta property=\"article:modified_time\" content=\"2023-10-25T10:28:40+00:00\" \/>\n<meta property=\"og:image\" content=\"https:\/\/www.vandaomeopatici.it\/it\/wp-content\/uploads\/2023\/10\/Copertina-Vanda-Magazine-Speciale-Insu-Lean.jpg\" \/>\n\t<meta property=\"og:image:width\" content=\"1800\" \/>\n\t<meta property=\"og:image:height\" content=\"1200\" \/>\n\t<meta property=\"og:image:type\" content=\"image\/jpeg\" \/>\n<meta name=\"author\" content=\"Luca Papagni\" \/>\n<meta name=\"twitter:card\" content=\"summary_large_image\" \/>\n<meta name=\"twitter:creator\" content=\"@VandaOmeopatici\" \/>\n<meta name=\"twitter:site\" content=\"@VandaOmeopatici\" \/>\n<meta name=\"twitter:label1\" content=\"Scritto da\" \/>\n\t<meta name=\"twitter:data1\" content=\"Luca Papagni\" \/>\n\t<meta name=\"twitter:label2\" content=\"Tempo di lettura stimato\" \/>\n\t<meta name=\"twitter:data2\" content=\"5 minuti\" \/>\n<script type=\"application\/ld+json\" class=\"yoast-schema-graph\">{\"@context\":\"https:\/\/schema.org\",\"@graph\":[{\"@type\":\"Article\",\"@id\":\"https:\/\/www.vandaomeopatici.it\/it\/vanda-magazine-16-speciale-insu-lean\/#article\",\"isPartOf\":{\"@id\":\"https:\/\/www.vandaomeopatici.it\/it\/vanda-magazine-16-speciale-insu-lean\/\"},\"author\":{\"name\":\"Luca Papagni\",\"@id\":\"https:\/\/www.vandaomeopatici.it\/it\/#\/schema\/person\/8ff0fc47ded8009aefbc96269645bea6\"},\"headline\":\"Vanda Magazine 16: Speciale Insu Lean\",\"datePublished\":\"2023-10-10T12:51:16+00:00\",\"dateModified\":\"2023-10-25T10:28:40+00:00\",\"mainEntityOfPage\":{\"@id\":\"https:\/\/www.vandaomeopatici.it\/it\/vanda-magazine-16-speciale-insu-lean\/\"},\"wordCount\":651,\"publisher\":{\"@id\":\"https:\/\/www.vandaomeopatici.it\/it\/#organization\"},\"image\":{\"@id\":\"https:\/\/www.vandaomeopatici.it\/it\/vanda-magazine-16-speciale-insu-lean\/#primaryimage\"},\"thumbnailUrl\":\"https:\/\/www.vandaomeopatici.it\/it\/wp-content\/uploads\/2023\/10\/Copertina-Vanda-Magazine-Speciale-Insu-Lean.jpg\",\"articleSection\":[\"Insu lean\",\"Vanda Magazine\"],\"inLanguage\":\"it-IT\"},{\"@type\":\"WebPage\",\"@id\":\"https:\/\/www.vandaomeopatici.it\/it\/vanda-magazine-16-speciale-insu-lean\/\",\"url\":\"https:\/\/www.vandaomeopatici.it\/it\/vanda-magazine-16-speciale-insu-lean\/\",\"name\":\"Vanda Magazine 16: Speciale Insu Lean - Vanda Integrative Medicine\",\"isPartOf\":{\"@id\":\"https:\/\/www.vandaomeopatici.it\/it\/#website\"},\"primaryImageOfPage\":{\"@id\":\"https:\/\/www.vandaomeopatici.it\/it\/vanda-magazine-16-speciale-insu-lean\/#primaryimage\"},\"image\":{\"@id\":\"https:\/\/www.vandaomeopatici.it\/it\/vanda-magazine-16-speciale-insu-lean\/#primaryimage\"},\"thumbnailUrl\":\"https:\/\/www.vandaomeopatici.it\/it\/wp-content\/uploads\/2023\/10\/Copertina-Vanda-Magazine-Speciale-Insu-Lean.jpg\",\"datePublished\":\"2023-10-10T12:51:16+00:00\",\"dateModified\":\"2023-10-25T10:28:40+00:00\",\"breadcrumb\":{\"@id\":\"https:\/\/www.vandaomeopatici.it\/it\/vanda-magazine-16-speciale-insu-lean\/#breadcrumb\"},\"inLanguage\":\"it-IT\",\"potentialAction\":[{\"@type\":\"ReadAction\",\"target\":[\"https:\/\/www.vandaomeopatici.it\/it\/vanda-magazine-16-speciale-insu-lean\/\"]}]},{\"@type\":\"ImageObject\",\"inLanguage\":\"it-IT\",\"@id\":\"https:\/\/www.vandaomeopatici.it\/it\/vanda-magazine-16-speciale-insu-lean\/#primaryimage\",\"url\":\"https:\/\/www.vandaomeopatici.it\/it\/wp-content\/uploads\/2023\/10\/Copertina-Vanda-Magazine-Speciale-Insu-Lean.jpg\",\"contentUrl\":\"https:\/\/www.vandaomeopatici.it\/it\/wp-content\/uploads\/2023\/10\/Copertina-Vanda-Magazine-Speciale-Insu-Lean.jpg\",\"width\":1800,\"height\":1200,\"caption\":\"Copertina Vanda Magazine Speciale Insu Lean\"},{\"@type\":\"BreadcrumbList\",\"@id\":\"https:\/\/www.vandaomeopatici.it\/it\/vanda-magazine-16-speciale-insu-lean\/#breadcrumb\",\"itemListElement\":[{\"@type\":\"ListItem\",\"position\":1,\"name\":\"Home\",\"item\":\"https:\/\/www.vandaomeopatici.it\/it\/\"},{\"@type\":\"ListItem\",\"position\":2,\"name\":\"Vanda Magazine 16: Speciale Insu Lean\"}]},{\"@type\":\"WebSite\",\"@id\":\"https:\/\/www.vandaomeopatici.it\/it\/#website\",\"url\":\"https:\/\/www.vandaomeopatici.it\/it\/\",\"name\":\"Vanda Integrative Medicine\",\"description\":\"\",\"publisher\":{\"@id\":\"https:\/\/www.vandaomeopatici.it\/it\/#organization\"},\"potentialAction\":[{\"@type\":\"SearchAction\",\"target\":{\"@type\":\"EntryPoint\",\"urlTemplate\":\"https:\/\/www.vandaomeopatici.it\/it\/?s={search_term_string}\"},\"query-input\":{\"@type\":\"PropertyValueSpecification\",\"valueRequired\":true,\"valueName\":\"search_term_string\"}}],\"inLanguage\":\"it-IT\"},{\"@type\":\"Organization\",\"@id\":\"https:\/\/www.vandaomeopatici.it\/it\/#organization\",\"name\":\"Vanda Omeopatici\",\"url\":\"https:\/\/www.vandaomeopatici.it\/it\/\",\"logo\":{\"@type\":\"ImageObject\",\"inLanguage\":\"it-IT\",\"@id\":\"https:\/\/www.vandaomeopatici.it\/it\/#\/schema\/logo\/image\/\",\"url\":\"https:\/\/www.vandaomeopatici.it\/it\/wp-content\/uploads\/2015\/04\/logo_vanda_retina.png\",\"contentUrl\":\"https:\/\/www.vandaomeopatici.it\/it\/wp-content\/uploads\/2015\/04\/logo_vanda_retina.png\",\"width\":240,\"height\":240,\"caption\":\"Vanda Omeopatici\"},\"image\":{\"@id\":\"https:\/\/www.vandaomeopatici.it\/it\/#\/schema\/logo\/image\/\"},\"sameAs\":[\"https:\/\/www.facebook.com\/vandaomeopatici\",\"https:\/\/x.com\/VandaOmeopatici\",\"https:\/\/instagram.com\/vanda_omeopatici\/\",\"https:\/\/it.linkedin.com\/company\/vanda-omeopatici\",\"https:\/\/www.pinterest.com\/vandaomeopatici\/\"]},{\"@type\":\"Person\",\"@id\":\"https:\/\/www.vandaomeopatici.it\/it\/#\/schema\/person\/8ff0fc47ded8009aefbc96269645bea6\",\"name\":\"Luca Papagni\"}]}<\/script>\n<!-- \/ Yoast SEO Premium plugin. -->","yoast_head_json":{"title":"Vanda Magazine 16: Speciale Insu Lean - Vanda Integrative Medicine","robots":{"index":"index","follow":"follow","max-snippet":"max-snippet:-1","max-image-preview":"max-image-preview:large","max-video-preview":"max-video-preview:-1"},"canonical":"https:\/\/www.vandaomeopatici.it\/it\/vanda-magazine-16-speciale-insu-lean\/","og_locale":"it_IT","og_type":"article","og_title":"Vanda Magazine 16: Speciale Insu Lean","og_description":"INSU LEAN\u00ae \u00e8 il nostro innovativo prodotto concepito per contrastare l\u2019insulino resistenza. Il nome nasce dalla fusione di \u201cinsulina\u201d e \u201clean\u201d, che significa agile. Il simbolo scelto \u00e8 lo stambecco, noto per la sua agilit\u00e0 e per la sua abilit\u00e0 nel destreggiarsi sui ripidi picchi montuosi, una metafora perfetta per i picchi glicemici. Il nostro [&hellip;]","og_url":"https:\/\/www.vandaomeopatici.it\/it\/vanda-magazine-16-speciale-insu-lean\/","og_site_name":"Vanda Integrative Medicine","article_publisher":"https:\/\/www.facebook.com\/vandaomeopatici","article_published_time":"2023-10-10T12:51:16+00:00","article_modified_time":"2023-10-25T10:28:40+00:00","og_image":[{"width":1800,"height":1200,"url":"https:\/\/www.vandaomeopatici.it\/it\/wp-content\/uploads\/2023\/10\/Copertina-Vanda-Magazine-Speciale-Insu-Lean.jpg","type":"image\/jpeg"}],"author":"Luca Papagni","twitter_card":"summary_large_image","twitter_creator":"@VandaOmeopatici","twitter_site":"@VandaOmeopatici","twitter_misc":{"Scritto da":"Luca Papagni","Tempo di lettura stimato":"5 minuti"},"schema":{"@context":"https:\/\/schema.org","@graph":[{"@type":"Article","@id":"https:\/\/www.vandaomeopatici.it\/it\/vanda-magazine-16-speciale-insu-lean\/#article","isPartOf":{"@id":"https:\/\/www.vandaomeopatici.it\/it\/vanda-magazine-16-speciale-insu-lean\/"},"author":{"name":"Luca Papagni","@id":"https:\/\/www.vandaomeopatici.it\/it\/#\/schema\/person\/8ff0fc47ded8009aefbc96269645bea6"},"headline":"Vanda Magazine 16: Speciale Insu Lean","datePublished":"2023-10-10T12:51:16+00:00","dateModified":"2023-10-25T10:28:40+00:00","mainEntityOfPage":{"@id":"https:\/\/www.vandaomeopatici.it\/it\/vanda-magazine-16-speciale-insu-lean\/"},"wordCount":651,"publisher":{"@id":"https:\/\/www.vandaomeopatici.it\/it\/#organization"},"image":{"@id":"https:\/\/www.vandaomeopatici.it\/it\/vanda-magazine-16-speciale-insu-lean\/#primaryimage"},"thumbnailUrl":"https:\/\/www.vandaomeopatici.it\/it\/wp-content\/uploads\/2023\/10\/Copertina-Vanda-Magazine-Speciale-Insu-Lean.jpg","articleSection":["Insu lean","Vanda Magazine"],"inLanguage":"it-IT"},{"@type":"WebPage","@id":"https:\/\/www.vandaomeopatici.it\/it\/vanda-magazine-16-speciale-insu-lean\/","url":"https:\/\/www.vandaomeopatici.it\/it\/vanda-magazine-16-speciale-insu-lean\/","name":"Vanda Magazine 16: Speciale Insu Lean - Vanda Integrative Medicine","isPartOf":{"@id":"https:\/\/www.vandaomeopatici.it\/it\/#website"},"primaryImageOfPage":{"@id":"https:\/\/www.vandaomeopatici.it\/it\/vanda-magazine-16-speciale-insu-lean\/#primaryimage"},"image":{"@id":"https:\/\/www.vandaomeopatici.it\/it\/vanda-magazine-16-speciale-insu-lean\/#primaryimage"},"thumbnailUrl":"https:\/\/www.vandaomeopatici.it\/it\/wp-content\/uploads\/2023\/10\/Copertina-Vanda-Magazine-Speciale-Insu-Lean.jpg","datePublished":"2023-10-10T12:51:16+00:00","dateModified":"2023-10-25T10:28:40+00:00","breadcrumb":{"@id":"https:\/\/www.vandaomeopatici.it\/it\/vanda-magazine-16-speciale-insu-lean\/#breadcrumb"},"inLanguage":"it-IT","potentialAction":[{"@type":"ReadAction","target":["https:\/\/www.vandaomeopatici.it\/it\/vanda-magazine-16-speciale-insu-lean\/"]}]},{"@type":"ImageObject","inLanguage":"it-IT","@id":"https:\/\/www.vandaomeopatici.it\/it\/vanda-magazine-16-speciale-insu-lean\/#primaryimage","url":"https:\/\/www.vandaomeopatici.it\/it\/wp-content\/uploads\/2023\/10\/Copertina-Vanda-Magazine-Speciale-Insu-Lean.jpg","contentUrl":"https:\/\/www.vandaomeopatici.it\/it\/wp-content\/uploads\/2023\/10\/Copertina-Vanda-Magazine-Speciale-Insu-Lean.jpg","width":1800,"height":1200,"caption":"Copertina Vanda Magazine Speciale Insu Lean"},{"@type":"BreadcrumbList","@id":"https:\/\/www.vandaomeopatici.it\/it\/vanda-magazine-16-speciale-insu-lean\/#breadcrumb","itemListElement":[{"@type":"ListItem","position":1,"name":"Home","item":"https:\/\/www.vandaomeopatici.it\/it\/"},{"@type":"ListItem","position":2,"name":"Vanda Magazine 16: Speciale Insu Lean"}]},{"@type":"WebSite","@id":"https:\/\/www.vandaomeopatici.it\/it\/#website","url":"https:\/\/www.vandaomeopatici.it\/it\/","name":"Vanda Integrative Medicine","description":"","publisher":{"@id":"https:\/\/www.vandaomeopatici.it\/it\/#organization"},"potentialAction":[{"@type":"SearchAction","target":{"@type":"EntryPoint","urlTemplate":"https:\/\/www.vandaomeopatici.it\/it\/?s={search_term_string}"},"query-input":{"@type":"PropertyValueSpecification","valueRequired":true,"valueName":"search_term_string"}}],"inLanguage":"it-IT"},{"@type":"Organization","@id":"https:\/\/www.vandaomeopatici.it\/it\/#organization","name":"Vanda Omeopatici","url":"https:\/\/www.vandaomeopatici.it\/it\/","logo":{"@type":"ImageObject","inLanguage":"it-IT","@id":"https:\/\/www.vandaomeopatici.it\/it\/#\/schema\/logo\/image\/","url":"https:\/\/www.vandaomeopatici.it\/it\/wp-content\/uploads\/2015\/04\/logo_vanda_retina.png","contentUrl":"https:\/\/www.vandaomeopatici.it\/it\/wp-content\/uploads\/2015\/04\/logo_vanda_retina.png","width":240,"height":240,"caption":"Vanda Omeopatici"},"image":{"@id":"https:\/\/www.vandaomeopatici.it\/it\/#\/schema\/logo\/image\/"},"sameAs":["https:\/\/www.facebook.com\/vandaomeopatici","https:\/\/x.com\/VandaOmeopatici","https:\/\/instagram.com\/vanda_omeopatici\/","https:\/\/it.linkedin.com\/company\/vanda-omeopatici","https:\/\/www.pinterest.com\/vandaomeopatici\/"]},{"@type":"Person","@id":"https:\/\/www.vandaomeopatici.it\/it\/#\/schema\/person\/8ff0fc47ded8009aefbc96269645bea6","name":"Luca Papagni"}]}},"_links":{"self":[{"href":"https:\/\/www.vandaomeopatici.it\/it\/wp-json\/wp\/v2\/posts\/13230","targetHints":{"allow":["GET"]}}],"collection":[{"href":"https:\/\/www.vandaomeopatici.it\/it\/wp-json\/wp\/v2\/posts"}],"about":[{"href":"https:\/\/www.vandaomeopatici.it\/it\/wp-json\/wp\/v2\/types\/post"}],"author":[{"embeddable":true,"href":"https:\/\/www.vandaomeopatici.it\/it\/wp-json\/wp\/v2\/users\/10"}],"replies":[{"embeddable":true,"href":"https:\/\/www.vandaomeopatici.it\/it\/wp-json\/wp\/v2\/comments?post=13230"}],"version-history":[{"count":0,"href":"https:\/\/www.vandaomeopatici.it\/it\/wp-json\/wp\/v2\/posts\/13230\/revisions"}],"wp:featuredmedia":[{"embeddable":true,"href":"https:\/\/www.vandaomeopatici.it\/it\/wp-json\/wp\/v2\/media\/13231"}],"wp:attachment":[{"href":"https:\/\/www.vandaomeopatici.it\/it\/wp-json\/wp\/v2\/media?parent=13230"}],"wp:term":[{"taxonomy":"category","embeddable":true,"href":"https:\/\/www.vandaomeopatici.it\/it\/wp-json\/wp\/v2\/categories?post=13230"},{"taxonomy":"post_tag","embeddable":true,"href":"https:\/\/www.vandaomeopatici.it\/it\/wp-json\/wp\/v2\/tags?post=13230"}],"curies":[{"name":"wp","href":"https:\/\/api.w.org\/{rel}","templated":true}]}}