{"id":2084,"date":"2014-11-28T19:04:50","date_gmt":"2014-11-28T17:04:50","guid":{"rendered":"http:\/\/www.vandaomeopatici.it\/it\/?p=2084"},"modified":"2023-06-15T15:18:36","modified_gmt":"2023-06-15T13:18:36","slug":"approvate-alla-camera-le-nuove-tariffe-e-la-proroga","status":"publish","type":"post","link":"https:\/\/www.vandaomeopatici.it\/it\/approvate-alla-camera-le-nuove-tariffe-e-la-proroga\/","title":{"rendered":"Approvate alla Camera le nuove tariffe e la proroga"},"content":{"rendered":"<blockquote class=\"twitter-tweet\" lang=\"it\"><p>Approvate alla Camera le nuove tariffe e la proroga a dicembre 2018- <a href=\"http:\/\/t.co\/qveBOUKUuu\">http:\/\/t.co\/qveBOUKUuu<\/a> via <a href=\"https:\/\/twitter.com\/Shareaholic\">@Shareaholic<\/a><\/p>\n<p>\u2014 Omeoimprese (@Omeoimprese) <a href=\"https:\/\/twitter.com\/Omeoimprese\/status\/538235677171675136\">28 Novembre 2014<\/a><\/p>\n<p>&nbsp;<\/p>\n<p>&nbsp;<\/p>\n<p>La Commissione Bilancio della Camera dei Deputati ha approvato l\u2019emendamento alla legge di Stabilit\u00e0 che fissa le tariffe per il rinnovo delle autorizzazioni dei medicinali omeopatici e ne proroga i termini al 2018, fissando al 30 giugno 2017 il termine per la presentazione delle domande.<\/p><\/blockquote>\n<p style=\"text-align: justify;\">\u201cL\u2019emendamento approvato in Commissione Bilancio \u00e8 un traguardo molto importante per l\u2019industria omeopatica in Italia\u201d con queste parole <strong>Fausto Panni, presidente Omeoimprese<\/strong> esprime la soddisfazione dell\u2019associazione per il provvedimento. \u201cIl traguardo \u00e8 stato tagliato grazie al costante lavoro dei parlamentari che hanno seguito con molta competenza l\u2019intera vicenda. I ripetuti incontri con il Ministero e AIFA hanno portato a definire un percorso che soddisfa tutti. Ora che sono state fissate le nuove tariffe e le nuove scadenze, le aziende possono programmare in un ordine temporale definito gli investimenti necessari per la definitiva autorizzazione dei medicinali sul mercato\u201d.<\/p>\n<p style=\"text-align: justify;\">L\u2019emendamento fissa le quote dovute per la presentazione della domanda di rinnovo in 800,00 euro per i medicinali unitari, indipendentemente da forma farmaceutica e diluizioni, in 1200,00 euro per i medicinali complessi, indipendentemente dal numero dei componenti e dalla forma farmaceutica.\u00a0Inoltre AIFA entro marzo 2015 pubblicher\u00e0 sulla Gazzetta Ufficiale la documentazione necessaria secondo modalit\u00e0 semplificate, tenendo conto che parte di essa verr\u00e0 presentata mediante autocertificazione.<\/p>\n<p style=\"text-align: justify;\">Testo integrale emendamento<\/p>\n<p style=\"text-align: justify;\">Dopo il comma 34, aggiungere il seguente:<\/p>\n<p style=\"text-align: justify;\"><strong>34-bis. Al fine di assicurare maggiori entrate, le tariffe a carico delle aziende titolari per il rilascio dei provvedimenti di rinnovo dell\u2019autorizzazione all\u2019immissione in commercio dei medicinali omeopatici di cui all\u2019articolo 20 del decreto legislativo 24 aprile 2006, n.\u2002219, e successive modificazioni, comprese quelle relative ai procedimenti di rinnovo non ancora conclusi alla data di entrata in vigore della presente legge, sono fissate in 800 euro per i medicinali unitari, indipendentemente dalle diluizioni e dalla forma farmaceutica, e in 1.200 euro per i medicinali complessi, indipendentemente dal numero dei componenti e dalla forma farmaceutica. Entro il 31 marzo 2015, l\u2019AIFA individua con proprio provvedimento, pubblicato nella Gazzetta Ufficiale, la documentazione necessaria per il rinnovo dell\u2019autorizzazione all\u2019immissione in commercio dei medicinali di cui al precedente periodo secondo modalit\u00e0 semplificate, tenuto conto che la documentazione di cui al modulo 4 della parte III dell\u2019allegato I, con riferimento ai medicinali omeopatici, e all\u2019articolo 17, comma 2, lettera c), con riferimento alla dimostrazione dell\u2019uso omeopatico del ceppo, del citato decreto legislativo n.\u2002219 del 24 aprile 2006, e successive modificazioni, presentata mediante autocertificazioni. Dalla pubblicazione in Gazzetta Ufficiale del suddetto provvedimento, le aziende titolari provvedono alla presentazione delle domande di rinnovo entro e non oltre il 30 giugno 2017. Il termine di cui all\u2019articolo 6, comma 8-undecies, del decreto-legge 28 dicembre 2006, n.\u2002300, convertito, con modificazioni, dalla legge 26 febbraio 2007, n.\u200217, \u00e8 prorogato al 31 dicembre 2018.<\/strong><\/p>\n","protected":false},"excerpt":{"rendered":"<p>Approvate alla Camera le nuove tariffe e la proroga a dicembre 2018- http:\/\/t.co\/qveBOUKUuu via @Shareaholic \u2014 Omeoimprese (@Omeoimprese) 28 Novembre 2014 &nbsp; &nbsp; La Commissione Bilancio della Camera dei Deputati ha approvato l\u2019emendamento alla legge di Stabilit\u00e0 che fissa le tariffe per il rinnovo delle autorizzazioni dei medicinali omeopatici e ne proroga i termini al [&hellip;]<\/p>\n","protected":false},"author":5,"featured_media":2091,"comment_status":"open","ping_status":"open","sticky":false,"template":"","format":"standard","meta":{"footnotes":""},"categories":[407],"tags":[],"class_list":{"0":"post-2084","1":"post","2":"type-post","3":"status-publish","4":"format-standard","5":"has-post-thumbnail","7":"category-omeopatia"},"yoast_head":"<!-- This site is optimized with the Yoast SEO Premium plugin v25.2 (Yoast SEO v26.9) - https:\/\/yoast.com\/product\/yoast-seo-premium-wordpress\/ -->\n<title>nuove tariffe e proroga<\/title>\n<meta name=\"description\" content=\"nuove tariffe e proroga per la registrazione dei medicinali omeopatici\" \/>\n<meta name=\"robots\" content=\"index, follow, max-snippet:-1, max-image-preview:large, max-video-preview:-1\" \/>\n<link rel=\"canonical\" href=\"https:\/\/www.vandaomeopatici.it\/it\/approvate-alla-camera-le-nuove-tariffe-e-la-proroga\/\" \/>\n<meta property=\"og:locale\" content=\"it_IT\" \/>\n<meta property=\"og:type\" content=\"article\" \/>\n<meta property=\"og:title\" content=\"Approvate alla Camera le nuove tariffe e la proroga\" \/>\n<meta property=\"og:description\" content=\"nuove tariffe e proroga per la registrazione dei medicinali omeopatici\" \/>\n<meta property=\"og:url\" content=\"https:\/\/www.vandaomeopatici.it\/it\/approvate-alla-camera-le-nuove-tariffe-e-la-proroga\/\" \/>\n<meta property=\"og:site_name\" content=\"Vanda Integrative Medicine\" \/>\n<meta property=\"article:publisher\" content=\"https:\/\/www.facebook.com\/vandaomeopatici\" \/>\n<meta property=\"article:published_time\" content=\"2014-11-28T17:04:50+00:00\" \/>\n<meta property=\"article:modified_time\" content=\"2023-06-15T13:18:36+00:00\" \/>\n<meta property=\"og:image\" content=\"https:\/\/www.vandaomeopatici.it\/it\/wp-content\/uploads\/2014\/11\/sito.jpg\" \/>\n\t<meta property=\"og:image:width\" content=\"1000\" \/>\n\t<meta property=\"og:image:height\" content=\"969\" \/>\n\t<meta property=\"og:image:type\" content=\"image\/jpeg\" \/>\n<meta name=\"author\" content=\"redazione\" \/>\n<meta name=\"twitter:card\" content=\"summary_large_image\" \/>\n<meta name=\"twitter:creator\" content=\"@VandaOmeopatici\" \/>\n<meta name=\"twitter:site\" content=\"@VandaOmeopatici\" \/>\n<meta name=\"twitter:label1\" content=\"Scritto da\" \/>\n\t<meta name=\"twitter:data1\" content=\"redazione\" \/>\n\t<meta name=\"twitter:label2\" content=\"Tempo di lettura stimato\" \/>\n\t<meta name=\"twitter:data2\" content=\"3 minuti\" \/>\n<script type=\"application\/ld+json\" class=\"yoast-schema-graph\">{\"@context\":\"https:\/\/schema.org\",\"@graph\":[{\"@type\":\"Article\",\"@id\":\"https:\/\/www.vandaomeopatici.it\/it\/approvate-alla-camera-le-nuove-tariffe-e-la-proroga\/#article\",\"isPartOf\":{\"@id\":\"https:\/\/www.vandaomeopatici.it\/it\/approvate-alla-camera-le-nuove-tariffe-e-la-proroga\/\"},\"author\":{\"name\":\"redazione\",\"@id\":\"https:\/\/www.vandaomeopatici.it\/it\/#\/schema\/person\/a0551e50d6828fb0bd2abfbe6053dd74\"},\"headline\":\"Approvate alla Camera le nuove tariffe e la proroga\",\"datePublished\":\"2014-11-28T17:04:50+00:00\",\"dateModified\":\"2023-06-15T13:18:36+00:00\",\"mainEntityOfPage\":{\"@id\":\"https:\/\/www.vandaomeopatici.it\/it\/approvate-alla-camera-le-nuove-tariffe-e-la-proroga\/\"},\"wordCount\":468,\"commentCount\":0,\"publisher\":{\"@id\":\"https:\/\/www.vandaomeopatici.it\/it\/#organization\"},\"image\":{\"@id\":\"https:\/\/www.vandaomeopatici.it\/it\/approvate-alla-camera-le-nuove-tariffe-e-la-proroga\/#primaryimage\"},\"thumbnailUrl\":\"https:\/\/www.vandaomeopatici.it\/it\/wp-content\/uploads\/2014\/11\/sito.jpg\",\"articleSection\":[\"Omeopatia\"],\"inLanguage\":\"it-IT\",\"potentialAction\":[{\"@type\":\"CommentAction\",\"name\":\"Comment\",\"target\":[\"https:\/\/www.vandaomeopatici.it\/it\/approvate-alla-camera-le-nuove-tariffe-e-la-proroga\/#respond\"]}]},{\"@type\":\"WebPage\",\"@id\":\"https:\/\/www.vandaomeopatici.it\/it\/approvate-alla-camera-le-nuove-tariffe-e-la-proroga\/\",\"url\":\"https:\/\/www.vandaomeopatici.it\/it\/approvate-alla-camera-le-nuove-tariffe-e-la-proroga\/\",\"name\":\"nuove tariffe e proroga\",\"isPartOf\":{\"@id\":\"https:\/\/www.vandaomeopatici.it\/it\/#website\"},\"primaryImageOfPage\":{\"@id\":\"https:\/\/www.vandaomeopatici.it\/it\/approvate-alla-camera-le-nuove-tariffe-e-la-proroga\/#primaryimage\"},\"image\":{\"@id\":\"https:\/\/www.vandaomeopatici.it\/it\/approvate-alla-camera-le-nuove-tariffe-e-la-proroga\/#primaryimage\"},\"thumbnailUrl\":\"https:\/\/www.vandaomeopatici.it\/it\/wp-content\/uploads\/2014\/11\/sito.jpg\",\"datePublished\":\"2014-11-28T17:04:50+00:00\",\"dateModified\":\"2023-06-15T13:18:36+00:00\",\"description\":\"nuove tariffe e proroga per la registrazione dei medicinali omeopatici\",\"breadcrumb\":{\"@id\":\"https:\/\/www.vandaomeopatici.it\/it\/approvate-alla-camera-le-nuove-tariffe-e-la-proroga\/#breadcrumb\"},\"inLanguage\":\"it-IT\",\"potentialAction\":[{\"@type\":\"ReadAction\",\"target\":[\"https:\/\/www.vandaomeopatici.it\/it\/approvate-alla-camera-le-nuove-tariffe-e-la-proroga\/\"]}]},{\"@type\":\"ImageObject\",\"inLanguage\":\"it-IT\",\"@id\":\"https:\/\/www.vandaomeopatici.it\/it\/approvate-alla-camera-le-nuove-tariffe-e-la-proroga\/#primaryimage\",\"url\":\"https:\/\/www.vandaomeopatici.it\/it\/wp-content\/uploads\/2014\/11\/sito.jpg\",\"contentUrl\":\"https:\/\/www.vandaomeopatici.it\/it\/wp-content\/uploads\/2014\/11\/sito.jpg\",\"width\":1000,\"height\":969,\"caption\":\"Approvate alla Camera le nuove tariffe e la proroga\"},{\"@type\":\"BreadcrumbList\",\"@id\":\"https:\/\/www.vandaomeopatici.it\/it\/approvate-alla-camera-le-nuove-tariffe-e-la-proroga\/#breadcrumb\",\"itemListElement\":[{\"@type\":\"ListItem\",\"position\":1,\"name\":\"Home\",\"item\":\"https:\/\/www.vandaomeopatici.it\/it\/\"},{\"@type\":\"ListItem\",\"position\":2,\"name\":\"Approvate alla Camera le nuove tariffe e la proroga\"}]},{\"@type\":\"WebSite\",\"@id\":\"https:\/\/www.vandaomeopatici.it\/it\/#website\",\"url\":\"https:\/\/www.vandaomeopatici.it\/it\/\",\"name\":\"Vanda Integrative Medicine\",\"description\":\"\",\"publisher\":{\"@id\":\"https:\/\/www.vandaomeopatici.it\/it\/#organization\"},\"potentialAction\":[{\"@type\":\"SearchAction\",\"target\":{\"@type\":\"EntryPoint\",\"urlTemplate\":\"https:\/\/www.vandaomeopatici.it\/it\/?s={search_term_string}\"},\"query-input\":{\"@type\":\"PropertyValueSpecification\",\"valueRequired\":true,\"valueName\":\"search_term_string\"}}],\"inLanguage\":\"it-IT\"},{\"@type\":\"Organization\",\"@id\":\"https:\/\/www.vandaomeopatici.it\/it\/#organization\",\"name\":\"Vanda Omeopatici\",\"url\":\"https:\/\/www.vandaomeopatici.it\/it\/\",\"logo\":{\"@type\":\"ImageObject\",\"inLanguage\":\"it-IT\",\"@id\":\"https:\/\/www.vandaomeopatici.it\/it\/#\/schema\/logo\/image\/\",\"url\":\"https:\/\/www.vandaomeopatici.it\/it\/wp-content\/uploads\/2015\/04\/logo_vanda_retina.png\",\"contentUrl\":\"https:\/\/www.vandaomeopatici.it\/it\/wp-content\/uploads\/2015\/04\/logo_vanda_retina.png\",\"width\":240,\"height\":240,\"caption\":\"Vanda Omeopatici\"},\"image\":{\"@id\":\"https:\/\/www.vandaomeopatici.it\/it\/#\/schema\/logo\/image\/\"},\"sameAs\":[\"https:\/\/www.facebook.com\/vandaomeopatici\",\"https:\/\/x.com\/VandaOmeopatici\",\"https:\/\/instagram.com\/vanda_omeopatici\/\",\"https:\/\/it.linkedin.com\/company\/vanda-omeopatici\",\"https:\/\/www.pinterest.com\/vandaomeopatici\/\"]},{\"@type\":\"Person\",\"@id\":\"https:\/\/www.vandaomeopatici.it\/it\/#\/schema\/person\/a0551e50d6828fb0bd2abfbe6053dd74\",\"name\":\"redazione\"}]}<\/script>\n<!-- \/ Yoast SEO Premium plugin. -->","yoast_head_json":{"title":"nuove tariffe e proroga","description":"nuove tariffe e proroga per la registrazione dei medicinali omeopatici","robots":{"index":"index","follow":"follow","max-snippet":"max-snippet:-1","max-image-preview":"max-image-preview:large","max-video-preview":"max-video-preview:-1"},"canonical":"https:\/\/www.vandaomeopatici.it\/it\/approvate-alla-camera-le-nuove-tariffe-e-la-proroga\/","og_locale":"it_IT","og_type":"article","og_title":"Approvate alla Camera le nuove tariffe e la proroga","og_description":"nuove tariffe e proroga per la registrazione dei medicinali omeopatici","og_url":"https:\/\/www.vandaomeopatici.it\/it\/approvate-alla-camera-le-nuove-tariffe-e-la-proroga\/","og_site_name":"Vanda Integrative Medicine","article_publisher":"https:\/\/www.facebook.com\/vandaomeopatici","article_published_time":"2014-11-28T17:04:50+00:00","article_modified_time":"2023-06-15T13:18:36+00:00","og_image":[{"width":1000,"height":969,"url":"https:\/\/www.vandaomeopatici.it\/it\/wp-content\/uploads\/2014\/11\/sito.jpg","type":"image\/jpeg"}],"author":"redazione","twitter_card":"summary_large_image","twitter_creator":"@VandaOmeopatici","twitter_site":"@VandaOmeopatici","twitter_misc":{"Scritto da":"redazione","Tempo di lettura stimato":"3 minuti"},"schema":{"@context":"https:\/\/schema.org","@graph":[{"@type":"Article","@id":"https:\/\/www.vandaomeopatici.it\/it\/approvate-alla-camera-le-nuove-tariffe-e-la-proroga\/#article","isPartOf":{"@id":"https:\/\/www.vandaomeopatici.it\/it\/approvate-alla-camera-le-nuove-tariffe-e-la-proroga\/"},"author":{"name":"redazione","@id":"https:\/\/www.vandaomeopatici.it\/it\/#\/schema\/person\/a0551e50d6828fb0bd2abfbe6053dd74"},"headline":"Approvate alla Camera le nuove tariffe e la proroga","datePublished":"2014-11-28T17:04:50+00:00","dateModified":"2023-06-15T13:18:36+00:00","mainEntityOfPage":{"@id":"https:\/\/www.vandaomeopatici.it\/it\/approvate-alla-camera-le-nuove-tariffe-e-la-proroga\/"},"wordCount":468,"commentCount":0,"publisher":{"@id":"https:\/\/www.vandaomeopatici.it\/it\/#organization"},"image":{"@id":"https:\/\/www.vandaomeopatici.it\/it\/approvate-alla-camera-le-nuove-tariffe-e-la-proroga\/#primaryimage"},"thumbnailUrl":"https:\/\/www.vandaomeopatici.it\/it\/wp-content\/uploads\/2014\/11\/sito.jpg","articleSection":["Omeopatia"],"inLanguage":"it-IT","potentialAction":[{"@type":"CommentAction","name":"Comment","target":["https:\/\/www.vandaomeopatici.it\/it\/approvate-alla-camera-le-nuove-tariffe-e-la-proroga\/#respond"]}]},{"@type":"WebPage","@id":"https:\/\/www.vandaomeopatici.it\/it\/approvate-alla-camera-le-nuove-tariffe-e-la-proroga\/","url":"https:\/\/www.vandaomeopatici.it\/it\/approvate-alla-camera-le-nuove-tariffe-e-la-proroga\/","name":"nuove tariffe e proroga","isPartOf":{"@id":"https:\/\/www.vandaomeopatici.it\/it\/#website"},"primaryImageOfPage":{"@id":"https:\/\/www.vandaomeopatici.it\/it\/approvate-alla-camera-le-nuove-tariffe-e-la-proroga\/#primaryimage"},"image":{"@id":"https:\/\/www.vandaomeopatici.it\/it\/approvate-alla-camera-le-nuove-tariffe-e-la-proroga\/#primaryimage"},"thumbnailUrl":"https:\/\/www.vandaomeopatici.it\/it\/wp-content\/uploads\/2014\/11\/sito.jpg","datePublished":"2014-11-28T17:04:50+00:00","dateModified":"2023-06-15T13:18:36+00:00","description":"nuove tariffe e proroga per la registrazione dei medicinali omeopatici","breadcrumb":{"@id":"https:\/\/www.vandaomeopatici.it\/it\/approvate-alla-camera-le-nuove-tariffe-e-la-proroga\/#breadcrumb"},"inLanguage":"it-IT","potentialAction":[{"@type":"ReadAction","target":["https:\/\/www.vandaomeopatici.it\/it\/approvate-alla-camera-le-nuove-tariffe-e-la-proroga\/"]}]},{"@type":"ImageObject","inLanguage":"it-IT","@id":"https:\/\/www.vandaomeopatici.it\/it\/approvate-alla-camera-le-nuove-tariffe-e-la-proroga\/#primaryimage","url":"https:\/\/www.vandaomeopatici.it\/it\/wp-content\/uploads\/2014\/11\/sito.jpg","contentUrl":"https:\/\/www.vandaomeopatici.it\/it\/wp-content\/uploads\/2014\/11\/sito.jpg","width":1000,"height":969,"caption":"Approvate alla Camera le nuove tariffe e la proroga"},{"@type":"BreadcrumbList","@id":"https:\/\/www.vandaomeopatici.it\/it\/approvate-alla-camera-le-nuove-tariffe-e-la-proroga\/#breadcrumb","itemListElement":[{"@type":"ListItem","position":1,"name":"Home","item":"https:\/\/www.vandaomeopatici.it\/it\/"},{"@type":"ListItem","position":2,"name":"Approvate alla Camera le nuove tariffe e la proroga"}]},{"@type":"WebSite","@id":"https:\/\/www.vandaomeopatici.it\/it\/#website","url":"https:\/\/www.vandaomeopatici.it\/it\/","name":"Vanda Integrative Medicine","description":"","publisher":{"@id":"https:\/\/www.vandaomeopatici.it\/it\/#organization"},"potentialAction":[{"@type":"SearchAction","target":{"@type":"EntryPoint","urlTemplate":"https:\/\/www.vandaomeopatici.it\/it\/?s={search_term_string}"},"query-input":{"@type":"PropertyValueSpecification","valueRequired":true,"valueName":"search_term_string"}}],"inLanguage":"it-IT"},{"@type":"Organization","@id":"https:\/\/www.vandaomeopatici.it\/it\/#organization","name":"Vanda Omeopatici","url":"https:\/\/www.vandaomeopatici.it\/it\/","logo":{"@type":"ImageObject","inLanguage":"it-IT","@id":"https:\/\/www.vandaomeopatici.it\/it\/#\/schema\/logo\/image\/","url":"https:\/\/www.vandaomeopatici.it\/it\/wp-content\/uploads\/2015\/04\/logo_vanda_retina.png","contentUrl":"https:\/\/www.vandaomeopatici.it\/it\/wp-content\/uploads\/2015\/04\/logo_vanda_retina.png","width":240,"height":240,"caption":"Vanda Omeopatici"},"image":{"@id":"https:\/\/www.vandaomeopatici.it\/it\/#\/schema\/logo\/image\/"},"sameAs":["https:\/\/www.facebook.com\/vandaomeopatici","https:\/\/x.com\/VandaOmeopatici","https:\/\/instagram.com\/vanda_omeopatici\/","https:\/\/it.linkedin.com\/company\/vanda-omeopatici","https:\/\/www.pinterest.com\/vandaomeopatici\/"]},{"@type":"Person","@id":"https:\/\/www.vandaomeopatici.it\/it\/#\/schema\/person\/a0551e50d6828fb0bd2abfbe6053dd74","name":"redazione"}]}},"_links":{"self":[{"href":"https:\/\/www.vandaomeopatici.it\/it\/wp-json\/wp\/v2\/posts\/2084","targetHints":{"allow":["GET"]}}],"collection":[{"href":"https:\/\/www.vandaomeopatici.it\/it\/wp-json\/wp\/v2\/posts"}],"about":[{"href":"https:\/\/www.vandaomeopatici.it\/it\/wp-json\/wp\/v2\/types\/post"}],"author":[{"embeddable":true,"href":"https:\/\/www.vandaomeopatici.it\/it\/wp-json\/wp\/v2\/users\/5"}],"replies":[{"embeddable":true,"href":"https:\/\/www.vandaomeopatici.it\/it\/wp-json\/wp\/v2\/comments?post=2084"}],"version-history":[{"count":0,"href":"https:\/\/www.vandaomeopatici.it\/it\/wp-json\/wp\/v2\/posts\/2084\/revisions"}],"wp:featuredmedia":[{"embeddable":true,"href":"https:\/\/www.vandaomeopatici.it\/it\/wp-json\/wp\/v2\/media\/2091"}],"wp:attachment":[{"href":"https:\/\/www.vandaomeopatici.it\/it\/wp-json\/wp\/v2\/media?parent=2084"}],"wp:term":[{"taxonomy":"category","embeddable":true,"href":"https:\/\/www.vandaomeopatici.it\/it\/wp-json\/wp\/v2\/categories?post=2084"},{"taxonomy":"post_tag","embeddable":true,"href":"https:\/\/www.vandaomeopatici.it\/it\/wp-json\/wp\/v2\/tags?post=2084"}],"curies":[{"name":"wp","href":"https:\/\/api.w.org\/{rel}","templated":true}]}}