{"id":7947,"date":"2017-12-04T13:44:57","date_gmt":"2017-12-04T11:44:57","guid":{"rendered":"http:\/\/www.vandaomeopatici.it\/it\/?p=7947"},"modified":"2017-12-07T15:13:41","modified_gmt":"2017-12-07T13:13:41","slug":"omeopatia-who","status":"publish","type":"post","link":"https:\/\/www.vandaomeopatici.it\/it\/omeopatia-who\/","title":{"rendered":"WHO: Omeopatia e MC sono cardine o completamento dei sistemi sanitari"},"content":{"rendered":"<h1>Nel mondo, la medicina tradizionale (MT) rappresenta o il cardine dell\u2019assistenza sanitaria o il suo complemento.<\/h1>\n<p class=\"p1\">&#8220;Strategia dell\u2019OMS per la Medicina Tradizionale&#8221;, <strong>introduzione<\/strong> della Dottoressa\u00a0<strong>Dr Margaret Chan, <\/strong>gi\u00e0<strong>\u00a0Direttore generale dell&#8217;Organizzazione Mondiale della Sanit\u00e0;<\/strong><\/p>\n<p>&nbsp;<\/p>\n<p><iframe loading=\"lazy\" src=\"https:\/\/www.youtube.com\/embed\/kpX-8mGhyzY\" width=\"600\" height=\"600\" frameborder=\"0\" allowfullscreen=\"allowfullscreen\"><\/iframe><\/p>\n<p>&nbsp;<\/p>\n<p>Nel mondo, la medicina tradizionale (<strong>MT<\/strong>) rappresenta o il cardine dell\u2019assistenza sanitaria o il suo complemento.<\/p>\n<p>In alcuni paesi la medicina tradizionale, o medicina non convenzionale, \u00e8 definita <strong>medicina complementare<\/strong> (<strong>MC<\/strong>).<\/p>\n<p>La risoluzione dell\u2019<strong>Assemblea Mondiale della Sanit\u00e0 sulla Medicina Tradizionale<\/strong> (WHA62.13), adottata nel 2009, ha richiesto al Direttore generale di aggiornare la <strong>Strategia dell\u2019OMS per la Medicina Tradizionale<\/strong> per il 2002-2005, sulla base dei progressi raggiunti dai vari paesi e in vista delle attuali nuove sfide che si presentano nel campo della medicina tradizionale.<\/p>\n<p>La Strategia dell\u2019OMS per la Medicina Tradizionale per il 2014-2023 riesamina pertanto la precedente del 2002-2005 e la adotta come base per avviare il percorso che la MT e la MC (MT&amp;C) intraprenderanno nel prossimo decennio.<\/p>\n<p>La <strong>MT&amp;C \u00e8 una componente importante e spesso <a href=\"http:\/\/www.vandaomeopatici.it\/it\/omeopatia-bufala-placebo\/\" target=\"_blank\" rel=\"noopener\">sottovalutata<\/a> dell\u2019<a href=\"http:\/\/www.vandaomeopatici.it\/it\/cosa-e-omeopatia\/\" target=\"_blank\" rel=\"noopener\">assistenza sanitaria<\/a><\/strong>.<\/p>\n<p>Essa \u00e8 presente in quasi tutti i paesi del mondo e la domanda per poterne fruire \u00e8 crescente.<\/p>\n<p><strong>La MT, se di provato livello qualitativo, sicura ed <a href=\"http:\/\/www.vandaomeopatici.it\/it\/omeopatia-non-funziona\/\" target=\"_blank\" rel=\"noopener\">efficace<\/a>, contribuisce all\u2019obiettivo di garantire a tutte le popolazioni l\u2019accesso alle cure<\/strong>.<\/p>\n<p>Molti paesi attualmente riconoscono la necessit\u00e0 di sviluppare un approccio coerente ed integrato di assistenza sanitaria che consenta a governi, operatori sanitari e soprattutto ai fruitori dei servizi di assistenza sanitaria, di avere accesso alla MT&amp;C in modo<strong> sicuro, corretto, economico ed efficace<\/strong>.<\/p>\n<p>Una strategia globale per promuoverne l\u2019<strong>appropriata integrazione<\/strong>, la <a href=\"http:\/\/www.vandaomeopatici.it\/it\/aic-dei-medicinali-omeopatici\/\" target=\"_blank\" rel=\"noopener\"><strong>regolamentazione<\/strong><\/a> e la <strong>sorveglianza<\/strong> sar\u00e0 utile ai paesi che intendono sviluppare una politica attiva verso questa importante componente dell\u2019assistenza sanitaria, <strong>la cui presenza \u00e8 spesso molto vitale e in continua <a href=\"http:\/\/www.vandaomeopatici.it\/it\/omeopatia-rapporto-eurispes-2017\/\" target=\"_blank\" rel=\"noopener\">espansione<\/a><\/strong>.<\/p>\n<p>Molto \u00e8 cambiato da quando nel 2002 \u00e8 stata pubblicata la precedente strategia globale. Sempre pi\u00f9 paesi si sono gradualmente orientati ad accogliere il contributo che la MT&amp;C pu\u00f2 offrire alla salute e al benessere degli individui e alla compiutezza dei loro sistemi sanitari.<\/p>\n<p><strong>Governi e fruitori sono interessati ad approcci che vadano oltre le medicine a base di erbe, e stanno ora cominciando a prendere in considerazione gli aspetti che riguardano le pratiche della MT&amp;C e i suoi professionisti, interrogandosi sulla loro integrazione nelle erogazioni del servizio sanitario.<\/strong><\/p>\n<p>Per soddisfare questa nuova domanda, e in risposta alla Risoluzione WHA62.13 sulla MT, l\u2019OMS ha recentemente aggiornato gli obiettivi del Programma di Medicina Tradizionale. Strategia dell\u2019OMS per la Medicina Tradizionale.<\/p>\n<p>La Strategia dell\u2019OMS per la Medicina Tradizionale per il 2014-2023 aiuter\u00e0 le autorit\u00e0 sanitarie a sviluppare soluzioni che, in una prospettiva pi\u00f9 ampia, contribuiscano a <strong>migliorare la salute e a favorire l\u2019<a href=\"http:\/\/www.vandaomeopatici.it\/it\/garantire-la-liberta-cura-tutti-no-al-pensiero-unico-medicina\/\" target=\"_blank\" rel=\"noopener\">autonomia del paziente<\/a><\/strong>.<\/p>\n<p>&nbsp;<\/p>\n<figure id=\"attachment_7963\" aria-describedby=\"caption-attachment-7963\" style=\"width: 1029px\" class=\"wp-caption aligncenter\"><a href=\"http:\/\/www.vandaomeopatici.it\/it\/wp-content\/uploads\/2017\/12\/direttore-organizzazione-mondiale-della-sanit\u00e0.jpg\"><img loading=\"lazy\" decoding=\"async\" class=\"wp-image-7963 size-full\" src=\"http:\/\/www.vandaomeopatici.it\/it\/wp-content\/uploads\/2017\/12\/direttore-organizzazione-mondiale-della-sanit\u00e0.jpg\" alt=\"Margaret Chan Direttore generale WHO\" width=\"1029\" height=\"1200\" srcset=\"https:\/\/www.vandaomeopatici.it\/it\/wp-content\/uploads\/2017\/12\/direttore-organizzazione-mondiale-della-sanit\u00e0.jpg 1029w, https:\/\/www.vandaomeopatici.it\/it\/wp-content\/uploads\/2017\/12\/direttore-organizzazione-mondiale-della-sanit\u00e0-257x300.jpg 257w, https:\/\/www.vandaomeopatici.it\/it\/wp-content\/uploads\/2017\/12\/direttore-organizzazione-mondiale-della-sanit\u00e0-768x896.jpg 768w, https:\/\/www.vandaomeopatici.it\/it\/wp-content\/uploads\/2017\/12\/direttore-organizzazione-mondiale-della-sanit\u00e0-460x536.jpg 460w\" sizes=\"auto, (max-width: 1029px) 100vw, 1029px\" \/><\/a><figcaption id=\"caption-attachment-7963\" class=\"wp-caption-text\">Margaret Chan Direttore generale WHO, &#8220;WHO traditional medicine strategy: 2014-2023&#8221;, Pag. 8<\/figcaption><\/figure>\n<p>La strategia ha due obiettivi fondamentali:<\/p>\n<ul>\n<li><strong>aiutare gli Stati membri a sfruttare il potenziale contributo della MT&amp;C alla salute, al benessere e all\u2019assistenza sanitaria incentrata sulla persona,<\/strong><\/li>\n<li>e <strong>promuovere l\u2019uso sicuro ed efficace della MT&amp;C mediante la regolamentazione dei prodotti, delle pratiche e dei professionisti<\/strong>.<\/li>\n<\/ul>\n<p>Questi traguardi saranno raggiunti attraverso l\u2019attuazione di tre obiettivi strategici:<\/p>\n<ol>\n<li>la <strong>costruzione di una conoscenza di base<\/strong> e la definizione di politiche nazionali;<\/li>\n<li>il <strong>rafforzamento della sicurezza, della qualit\u00e0 e dell\u2019<a href=\"http:\/\/www.vandaomeopatici.it\/it\/omeopatia-bufala-placebo\/\" target=\"_blank\" rel=\"noopener\">efficacia<\/a> attraverso la regolamentazione<\/strong>;<\/li>\n<li>la <strong>promozione di una copertura sanitaria globale mediante l\u2019integrazione dei servizi e dell\u2019autocura di MT&amp;C nei sistemi sanitari nazionali<\/strong>.<\/li>\n<\/ol>\n<p>Aggiornare e migliorare la strategia ha permesso all\u2019OMS di acquisire una <strong>migliore comprensione delle procedure che incoraggiano l\u2019integrazione della MT&amp;C nei sistemi sanitari su scala mondiale<\/strong>.<\/p>\n<p>La mia speranza \u00e8 che essa possa fornire agli Stati membri un piano d\u2019azione utile a conseguire ulteriori successi nella loro pianificazione strategica della MT&amp;C.<\/p>\n<p>Sono molto lieta di presentare la Strategia dell\u2019OMS per la Medicina Tradizionale per il 2014-2023.<\/p>\n<p>\u00c8 mia convinzione che essa risulter\u00e0 uno <strong>strumento prezioso per i governi, per i pianificatori dei sistemi sanitari e per gli operatori sanitari<\/strong> e \u2013 aspetto pi\u00f9 cruciale \u2013 che <strong>essa porter\u00e0 beneficio a tutti coloro che ricercano la cura adatta, il professionista idoneo, nel momento appropriato<\/strong>.<\/p>\n<p><strong>Dr Margaret Chan, Direttore generale<\/strong><\/p>\n<p>Bibliografia:<\/p>\n<ul>\n<li>&#8220;WHO traditional medicine strategy: 2014-2023, Pag. 8&#8221;. Scarica il report Completo sul sito dell&#8217;<a href=\"http:\/\/www.who.int\/medicines\/publications\/traditional\/trm_strategy14_23\/en\/\" target=\"_blank\" rel=\"noopener\">Organizzazione Mondiale della Sanit\u00e0<\/a><\/li>\n<\/ul>\n","protected":false},"excerpt":{"rendered":"<p>Nel mondo, la medicina tradizionale (MT) rappresenta o il cardine dell\u2019assistenza sanitaria o il suo complemento. &#8220;Strategia dell\u2019OMS per la Medicina Tradizionale&#8221;, introduzione della Dottoressa\u00a0Dr Margaret Chan, gi\u00e0\u00a0Direttore generale dell&#8217;Organizzazione Mondiale della Sanit\u00e0; &nbsp; &nbsp; Nel mondo, la medicina tradizionale (MT) rappresenta o il cardine dell\u2019assistenza sanitaria o il suo complemento. In alcuni paesi la [&hellip;]<\/p>\n","protected":false},"author":5,"featured_media":7950,"comment_status":"open","ping_status":"open","sticky":false,"template":"","format":"standard","meta":{"footnotes":""},"categories":[418],"tags":[149],"class_list":{"0":"post-7947","1":"post","2":"type-post","3":"status-publish","4":"format-standard","5":"has-post-thumbnail","7":"category-faq-omeopatia","8":"tag-omeopatia"},"yoast_head":"<!-- This site is optimized with the Yoast SEO Premium plugin v25.2 (Yoast SEO v26.9) - https:\/\/yoast.com\/product\/yoast-seo-premium-wordpress\/ -->\n<title>WHO: Omeopatia e MC sono cardine o completamento dei sistemi sanitari - Vanda Integrative Medicine<\/title>\n<meta name=\"description\" content=\"WHO: omeopatia e la medicina tradizionale (MT) rappresentano o il cardine dell\u2019assistenza sanitaria o il suo complemento\" \/>\n<meta name=\"robots\" content=\"index, follow, max-snippet:-1, max-image-preview:large, max-video-preview:-1\" \/>\n<link rel=\"canonical\" href=\"https:\/\/www.vandaomeopatici.it\/it\/omeopatia-who\/\" \/>\n<meta property=\"og:locale\" content=\"it_IT\" \/>\n<meta property=\"og:type\" content=\"article\" \/>\n<meta property=\"og:title\" content=\"WHO: Omeopatia e MC sono cardine o completamento dei sistemi sanitari\" \/>\n<meta property=\"og:description\" content=\"WHO: omeopatia e la medicina tradizionale (MT) rappresentano o il cardine dell\u2019assistenza sanitaria o il suo complemento\" \/>\n<meta property=\"og:url\" content=\"https:\/\/www.vandaomeopatici.it\/it\/omeopatia-who\/\" \/>\n<meta property=\"og:site_name\" content=\"Vanda Integrative Medicine\" \/>\n<meta property=\"article:publisher\" content=\"https:\/\/www.facebook.com\/vandaomeopatici\" \/>\n<meta property=\"article:published_time\" content=\"2017-12-04T11:44:57+00:00\" \/>\n<meta property=\"article:modified_time\" content=\"2017-12-07T13:13:41+00:00\" \/>\n<meta property=\"og:image\" content=\"https:\/\/www.vandaomeopatici.it\/it\/wp-content\/uploads\/2017\/12\/omeopatia-e-organizzazione-mondiale-della-sanita\u0300.jpg\" \/>\n\t<meta property=\"og:image:width\" content=\"1200\" \/>\n\t<meta property=\"og:image:height\" content=\"800\" \/>\n\t<meta property=\"og:image:type\" content=\"image\/jpeg\" \/>\n<meta name=\"author\" content=\"redazione\" \/>\n<meta name=\"twitter:card\" content=\"summary_large_image\" \/>\n<meta name=\"twitter:creator\" content=\"@VandaOmeopatici\" \/>\n<meta name=\"twitter:site\" content=\"@VandaOmeopatici\" \/>\n<meta name=\"twitter:label1\" content=\"Scritto da\" \/>\n\t<meta name=\"twitter:data1\" content=\"redazione\" \/>\n\t<meta name=\"twitter:label2\" content=\"Tempo di lettura stimato\" \/>\n\t<meta name=\"twitter:data2\" content=\"4 minuti\" \/>\n<script type=\"application\/ld+json\" class=\"yoast-schema-graph\">{\"@context\":\"https:\/\/schema.org\",\"@graph\":[{\"@type\":\"Article\",\"@id\":\"https:\/\/www.vandaomeopatici.it\/it\/omeopatia-who\/#article\",\"isPartOf\":{\"@id\":\"https:\/\/www.vandaomeopatici.it\/it\/omeopatia-who\/\"},\"author\":{\"name\":\"redazione\",\"@id\":\"https:\/\/www.vandaomeopatici.it\/it\/#\/schema\/person\/a0551e50d6828fb0bd2abfbe6053dd74\"},\"headline\":\"WHO: Omeopatia e MC sono cardine o completamento dei sistemi sanitari\",\"datePublished\":\"2017-12-04T11:44:57+00:00\",\"dateModified\":\"2017-12-07T13:13:41+00:00\",\"mainEntityOfPage\":{\"@id\":\"https:\/\/www.vandaomeopatici.it\/it\/omeopatia-who\/\"},\"wordCount\":739,\"commentCount\":1,\"publisher\":{\"@id\":\"https:\/\/www.vandaomeopatici.it\/it\/#organization\"},\"image\":{\"@id\":\"https:\/\/www.vandaomeopatici.it\/it\/omeopatia-who\/#primaryimage\"},\"thumbnailUrl\":\"https:\/\/www.vandaomeopatici.it\/it\/wp-content\/uploads\/2017\/12\/omeopatia-e-organizzazione-mondiale-della-sanita\u0300.jpg\",\"keywords\":[\"omeopatia\"],\"articleSection\":[\"FAQ Omeopatia\"],\"inLanguage\":\"it-IT\",\"potentialAction\":[{\"@type\":\"CommentAction\",\"name\":\"Comment\",\"target\":[\"https:\/\/www.vandaomeopatici.it\/it\/omeopatia-who\/#respond\"]}]},{\"@type\":\"WebPage\",\"@id\":\"https:\/\/www.vandaomeopatici.it\/it\/omeopatia-who\/\",\"url\":\"https:\/\/www.vandaomeopatici.it\/it\/omeopatia-who\/\",\"name\":\"WHO: Omeopatia e MC sono cardine o completamento dei sistemi sanitari - Vanda Integrative Medicine\",\"isPartOf\":{\"@id\":\"https:\/\/www.vandaomeopatici.it\/it\/#website\"},\"primaryImageOfPage\":{\"@id\":\"https:\/\/www.vandaomeopatici.it\/it\/omeopatia-who\/#primaryimage\"},\"image\":{\"@id\":\"https:\/\/www.vandaomeopatici.it\/it\/omeopatia-who\/#primaryimage\"},\"thumbnailUrl\":\"https:\/\/www.vandaomeopatici.it\/it\/wp-content\/uploads\/2017\/12\/omeopatia-e-organizzazione-mondiale-della-sanita\u0300.jpg\",\"datePublished\":\"2017-12-04T11:44:57+00:00\",\"dateModified\":\"2017-12-07T13:13:41+00:00\",\"description\":\"WHO: omeopatia e la medicina tradizionale (MT) rappresentano o il cardine dell\u2019assistenza sanitaria o il suo complemento\",\"breadcrumb\":{\"@id\":\"https:\/\/www.vandaomeopatici.it\/it\/omeopatia-who\/#breadcrumb\"},\"inLanguage\":\"it-IT\",\"potentialAction\":[{\"@type\":\"ReadAction\",\"target\":[\"https:\/\/www.vandaomeopatici.it\/it\/omeopatia-who\/\"]}]},{\"@type\":\"ImageObject\",\"inLanguage\":\"it-IT\",\"@id\":\"https:\/\/www.vandaomeopatici.it\/it\/omeopatia-who\/#primaryimage\",\"url\":\"https:\/\/www.vandaomeopatici.it\/it\/wp-content\/uploads\/2017\/12\/omeopatia-e-organizzazione-mondiale-della-sanita\u0300.jpg\",\"contentUrl\":\"https:\/\/www.vandaomeopatici.it\/it\/wp-content\/uploads\/2017\/12\/omeopatia-e-organizzazione-mondiale-della-sanita\u0300.jpg\",\"width\":1200,\"height\":800,\"caption\":\"Strategia dell\u2019OMS per la Medicina Tradizionale\"},{\"@type\":\"BreadcrumbList\",\"@id\":\"https:\/\/www.vandaomeopatici.it\/it\/omeopatia-who\/#breadcrumb\",\"itemListElement\":[{\"@type\":\"ListItem\",\"position\":1,\"name\":\"Home\",\"item\":\"https:\/\/www.vandaomeopatici.it\/it\/\"},{\"@type\":\"ListItem\",\"position\":2,\"name\":\"WHO: Omeopatia e MC sono cardine o completamento dei sistemi sanitari\"}]},{\"@type\":\"WebSite\",\"@id\":\"https:\/\/www.vandaomeopatici.it\/it\/#website\",\"url\":\"https:\/\/www.vandaomeopatici.it\/it\/\",\"name\":\"Vanda Integrative Medicine\",\"description\":\"\",\"publisher\":{\"@id\":\"https:\/\/www.vandaomeopatici.it\/it\/#organization\"},\"potentialAction\":[{\"@type\":\"SearchAction\",\"target\":{\"@type\":\"EntryPoint\",\"urlTemplate\":\"https:\/\/www.vandaomeopatici.it\/it\/?s={search_term_string}\"},\"query-input\":{\"@type\":\"PropertyValueSpecification\",\"valueRequired\":true,\"valueName\":\"search_term_string\"}}],\"inLanguage\":\"it-IT\"},{\"@type\":\"Organization\",\"@id\":\"https:\/\/www.vandaomeopatici.it\/it\/#organization\",\"name\":\"Vanda Omeopatici\",\"url\":\"https:\/\/www.vandaomeopatici.it\/it\/\",\"logo\":{\"@type\":\"ImageObject\",\"inLanguage\":\"it-IT\",\"@id\":\"https:\/\/www.vandaomeopatici.it\/it\/#\/schema\/logo\/image\/\",\"url\":\"https:\/\/www.vandaomeopatici.it\/it\/wp-content\/uploads\/2015\/04\/logo_vanda_retina.png\",\"contentUrl\":\"https:\/\/www.vandaomeopatici.it\/it\/wp-content\/uploads\/2015\/04\/logo_vanda_retina.png\",\"width\":240,\"height\":240,\"caption\":\"Vanda Omeopatici\"},\"image\":{\"@id\":\"https:\/\/www.vandaomeopatici.it\/it\/#\/schema\/logo\/image\/\"},\"sameAs\":[\"https:\/\/www.facebook.com\/vandaomeopatici\",\"https:\/\/x.com\/VandaOmeopatici\",\"https:\/\/instagram.com\/vanda_omeopatici\/\",\"https:\/\/it.linkedin.com\/company\/vanda-omeopatici\",\"https:\/\/www.pinterest.com\/vandaomeopatici\/\"]},{\"@type\":\"Person\",\"@id\":\"https:\/\/www.vandaomeopatici.it\/it\/#\/schema\/person\/a0551e50d6828fb0bd2abfbe6053dd74\",\"name\":\"redazione\"}]}<\/script>\n<!-- \/ Yoast SEO Premium plugin. -->","yoast_head_json":{"title":"WHO: Omeopatia e MC sono cardine o completamento dei sistemi sanitari - Vanda Integrative Medicine","description":"WHO: omeopatia e la medicina tradizionale (MT) rappresentano o il cardine dell\u2019assistenza sanitaria o il suo complemento","robots":{"index":"index","follow":"follow","max-snippet":"max-snippet:-1","max-image-preview":"max-image-preview:large","max-video-preview":"max-video-preview:-1"},"canonical":"https:\/\/www.vandaomeopatici.it\/it\/omeopatia-who\/","og_locale":"it_IT","og_type":"article","og_title":"WHO: Omeopatia e MC sono cardine o completamento dei sistemi sanitari","og_description":"WHO: omeopatia e la medicina tradizionale (MT) rappresentano o il cardine dell\u2019assistenza sanitaria o il suo complemento","og_url":"https:\/\/www.vandaomeopatici.it\/it\/omeopatia-who\/","og_site_name":"Vanda Integrative Medicine","article_publisher":"https:\/\/www.facebook.com\/vandaomeopatici","article_published_time":"2017-12-04T11:44:57+00:00","article_modified_time":"2017-12-07T13:13:41+00:00","og_image":[{"width":1200,"height":800,"url":"https:\/\/www.vandaomeopatici.it\/it\/wp-content\/uploads\/2017\/12\/omeopatia-e-organizzazione-mondiale-della-sanita\u0300.jpg","type":"image\/jpeg"}],"author":"redazione","twitter_card":"summary_large_image","twitter_creator":"@VandaOmeopatici","twitter_site":"@VandaOmeopatici","twitter_misc":{"Scritto da":"redazione","Tempo di lettura stimato":"4 minuti"},"schema":{"@context":"https:\/\/schema.org","@graph":[{"@type":"Article","@id":"https:\/\/www.vandaomeopatici.it\/it\/omeopatia-who\/#article","isPartOf":{"@id":"https:\/\/www.vandaomeopatici.it\/it\/omeopatia-who\/"},"author":{"name":"redazione","@id":"https:\/\/www.vandaomeopatici.it\/it\/#\/schema\/person\/a0551e50d6828fb0bd2abfbe6053dd74"},"headline":"WHO: Omeopatia e MC sono cardine o completamento dei sistemi sanitari","datePublished":"2017-12-04T11:44:57+00:00","dateModified":"2017-12-07T13:13:41+00:00","mainEntityOfPage":{"@id":"https:\/\/www.vandaomeopatici.it\/it\/omeopatia-who\/"},"wordCount":739,"commentCount":1,"publisher":{"@id":"https:\/\/www.vandaomeopatici.it\/it\/#organization"},"image":{"@id":"https:\/\/www.vandaomeopatici.it\/it\/omeopatia-who\/#primaryimage"},"thumbnailUrl":"https:\/\/www.vandaomeopatici.it\/it\/wp-content\/uploads\/2017\/12\/omeopatia-e-organizzazione-mondiale-della-sanita\u0300.jpg","keywords":["omeopatia"],"articleSection":["FAQ Omeopatia"],"inLanguage":"it-IT","potentialAction":[{"@type":"CommentAction","name":"Comment","target":["https:\/\/www.vandaomeopatici.it\/it\/omeopatia-who\/#respond"]}]},{"@type":"WebPage","@id":"https:\/\/www.vandaomeopatici.it\/it\/omeopatia-who\/","url":"https:\/\/www.vandaomeopatici.it\/it\/omeopatia-who\/","name":"WHO: Omeopatia e MC sono cardine o completamento dei sistemi sanitari - Vanda Integrative Medicine","isPartOf":{"@id":"https:\/\/www.vandaomeopatici.it\/it\/#website"},"primaryImageOfPage":{"@id":"https:\/\/www.vandaomeopatici.it\/it\/omeopatia-who\/#primaryimage"},"image":{"@id":"https:\/\/www.vandaomeopatici.it\/it\/omeopatia-who\/#primaryimage"},"thumbnailUrl":"https:\/\/www.vandaomeopatici.it\/it\/wp-content\/uploads\/2017\/12\/omeopatia-e-organizzazione-mondiale-della-sanita\u0300.jpg","datePublished":"2017-12-04T11:44:57+00:00","dateModified":"2017-12-07T13:13:41+00:00","description":"WHO: omeopatia e la medicina tradizionale (MT) rappresentano o il cardine dell\u2019assistenza sanitaria o il suo complemento","breadcrumb":{"@id":"https:\/\/www.vandaomeopatici.it\/it\/omeopatia-who\/#breadcrumb"},"inLanguage":"it-IT","potentialAction":[{"@type":"ReadAction","target":["https:\/\/www.vandaomeopatici.it\/it\/omeopatia-who\/"]}]},{"@type":"ImageObject","inLanguage":"it-IT","@id":"https:\/\/www.vandaomeopatici.it\/it\/omeopatia-who\/#primaryimage","url":"https:\/\/www.vandaomeopatici.it\/it\/wp-content\/uploads\/2017\/12\/omeopatia-e-organizzazione-mondiale-della-sanita\u0300.jpg","contentUrl":"https:\/\/www.vandaomeopatici.it\/it\/wp-content\/uploads\/2017\/12\/omeopatia-e-organizzazione-mondiale-della-sanita\u0300.jpg","width":1200,"height":800,"caption":"Strategia dell\u2019OMS per la Medicina Tradizionale"},{"@type":"BreadcrumbList","@id":"https:\/\/www.vandaomeopatici.it\/it\/omeopatia-who\/#breadcrumb","itemListElement":[{"@type":"ListItem","position":1,"name":"Home","item":"https:\/\/www.vandaomeopatici.it\/it\/"},{"@type":"ListItem","position":2,"name":"WHO: Omeopatia e MC sono cardine o completamento dei sistemi sanitari"}]},{"@type":"WebSite","@id":"https:\/\/www.vandaomeopatici.it\/it\/#website","url":"https:\/\/www.vandaomeopatici.it\/it\/","name":"Vanda Integrative Medicine","description":"","publisher":{"@id":"https:\/\/www.vandaomeopatici.it\/it\/#organization"},"potentialAction":[{"@type":"SearchAction","target":{"@type":"EntryPoint","urlTemplate":"https:\/\/www.vandaomeopatici.it\/it\/?s={search_term_string}"},"query-input":{"@type":"PropertyValueSpecification","valueRequired":true,"valueName":"search_term_string"}}],"inLanguage":"it-IT"},{"@type":"Organization","@id":"https:\/\/www.vandaomeopatici.it\/it\/#organization","name":"Vanda Omeopatici","url":"https:\/\/www.vandaomeopatici.it\/it\/","logo":{"@type":"ImageObject","inLanguage":"it-IT","@id":"https:\/\/www.vandaomeopatici.it\/it\/#\/schema\/logo\/image\/","url":"https:\/\/www.vandaomeopatici.it\/it\/wp-content\/uploads\/2015\/04\/logo_vanda_retina.png","contentUrl":"https:\/\/www.vandaomeopatici.it\/it\/wp-content\/uploads\/2015\/04\/logo_vanda_retina.png","width":240,"height":240,"caption":"Vanda Omeopatici"},"image":{"@id":"https:\/\/www.vandaomeopatici.it\/it\/#\/schema\/logo\/image\/"},"sameAs":["https:\/\/www.facebook.com\/vandaomeopatici","https:\/\/x.com\/VandaOmeopatici","https:\/\/instagram.com\/vanda_omeopatici\/","https:\/\/it.linkedin.com\/company\/vanda-omeopatici","https:\/\/www.pinterest.com\/vandaomeopatici\/"]},{"@type":"Person","@id":"https:\/\/www.vandaomeopatici.it\/it\/#\/schema\/person\/a0551e50d6828fb0bd2abfbe6053dd74","name":"redazione"}]}},"_links":{"self":[{"href":"https:\/\/www.vandaomeopatici.it\/it\/wp-json\/wp\/v2\/posts\/7947","targetHints":{"allow":["GET"]}}],"collection":[{"href":"https:\/\/www.vandaomeopatici.it\/it\/wp-json\/wp\/v2\/posts"}],"about":[{"href":"https:\/\/www.vandaomeopatici.it\/it\/wp-json\/wp\/v2\/types\/post"}],"author":[{"embeddable":true,"href":"https:\/\/www.vandaomeopatici.it\/it\/wp-json\/wp\/v2\/users\/5"}],"replies":[{"embeddable":true,"href":"https:\/\/www.vandaomeopatici.it\/it\/wp-json\/wp\/v2\/comments?post=7947"}],"version-history":[{"count":0,"href":"https:\/\/www.vandaomeopatici.it\/it\/wp-json\/wp\/v2\/posts\/7947\/revisions"}],"wp:featuredmedia":[{"embeddable":true,"href":"https:\/\/www.vandaomeopatici.it\/it\/wp-json\/wp\/v2\/media\/7950"}],"wp:attachment":[{"href":"https:\/\/www.vandaomeopatici.it\/it\/wp-json\/wp\/v2\/media?parent=7947"}],"wp:term":[{"taxonomy":"category","embeddable":true,"href":"https:\/\/www.vandaomeopatici.it\/it\/wp-json\/wp\/v2\/categories?post=7947"},{"taxonomy":"post_tag","embeddable":true,"href":"https:\/\/www.vandaomeopatici.it\/it\/wp-json\/wp\/v2\/tags?post=7947"}],"curies":[{"name":"wp","href":"https:\/\/api.w.org\/{rel}","templated":true}]}}