{"id":7966,"date":"2017-12-05T11:53:31","date_gmt":"2017-12-05T09:53:31","guid":{"rendered":"http:\/\/www.vandaomeopatici.it\/it\/?p=7966"},"modified":"2017-12-07T15:06:43","modified_gmt":"2017-12-07T13:06:43","slug":"raucedine-omeopatia-rimedi-omeopatici-disturbi-della-voce","status":"publish","type":"post","link":"https:\/\/www.vandaomeopatici.it\/it\/raucedine-omeopatia-rimedi-omeopatici-disturbi-della-voce\/","title":{"rendered":"Raucedine e Omeopatia &#8211; I Rimedi Omeopatici per i disturbi della voce"},"content":{"rendered":"<h1>Raucedine &#8211; L\u2019Omeopatia per contrastare l\u2019alterazione di voce<\/h1>\n<p><i>Un focus sulla Raucedine, sui suoi sintomi e le sue cause pi\u00f9 comuni, per imparare a conoscerla, riconoscerla e trattarla in modo naturale attraverso le <\/i>sostanze tradizionalmente utilizzate dalla farmacologia omeopatica.<\/p>\n<p><iframe loading=\"lazy\" width=\"600\" height=\"600\" src=\"https:\/\/www.youtube.com\/embed\/9dkAwtIbZgM\" frameborder=\"0\" gesture=\"media\" allow=\"encrypted-media\" allowfullscreen><\/iframe><\/p>\n<p>&nbsp;<\/p>\n<h2>Raucedine: tra sintomi e cause<\/h2>\n<p>Disturbo assai diffuso &#8211; soprattutto nei mesi invernali per via degli sbalzi di temperatura &#8211; la raucedine rientra nella pi\u00f9 ampia categoria delle <b>disfonie<\/b>, ovvero delle alterazioni di voce che comportano una difficolt\u00e0 o una totale incapacit\u00e0 (afonia) nell\u2019emissione di suoni.<\/p>\n<p>La raucedine, il cui termine medico \u00e8 <i>xerofonia<\/i>, generalmente <b>si manifesta attraverso un cambiamento della voce<\/b>: il timbro diventa pi\u00f9 aspro ed il tono si abbassa. La risultante \u00e8 una voce roca, alle volte velata ed in alcuni casi stridula. Oltre alle manifestazioni di tipo vocale, la raucedine <b>pu\u00f2 anche accompagnarsi ad una serie di altre sintomatologie<\/b> tra cui le pi\u00f9 evidenti sono il continuo senso di \u201cgraffio alla gola\u201d ed un bruciore pi\u00f9 o meno insistente a carico della laringe.<\/p>\n<p>All\u2019origine della condizione possono esserci diversi fattori o cause: dalle <b>patologie a carico delle corde vocal<\/b>i &#8211; pensiamo ai polipi o ai noduli &#8211; sino ad arrivare ai <b>processi infiammatori<\/b> che interessano le vie respiratorie come la laringite, la faringite, la tracheite o il raffreddore.<\/p>\n<p>Ma attenzione! in pi\u00f9 di un caso, la raucedine \u00e8 il sintomo (insospettabile) di <b>malattie che corrodono la mucosa esofagea<\/b> intaccando la corretta funzionalit\u00e0 delle corde vocali, come nel caso delle malattie da reflusso gastroesofageo (<i>Per saperne di pi\u00f9 sul reflusso gastroesofageo consigliamo l\u2019approfondimento trattato su <\/i><a href=\"https:\/\/docbros.it\/patologia\/reflusso-gastroesofageo\/\"><i>DocBros<\/i><\/a>) responsabili della raucedine cronica.<\/p>\n<p>Solo in casi molto rari, invece, la raucedine \u00e8 diretta conseguenza di patologie pi\u00f9 gravi come la bronchite, la polmonite o le lesioni neoplastiche.<\/p>\n<h2>Prevenzione e trattamento della Raucedine con i rimedi omeopatici<\/h2>\n<p>Per proteggere corde vocali e laringe da alterazioni e disturbi di voce serve innanzitutto la <b>prevenzione<\/b>. Alcuni accorgimenti, applicati nella quotidianit\u00e0, sono in grado di ridurre significativamente i rischi di <a href=\"https:\/\/www.vandaomeopatici.it\/it\/insulino-resistenza-e-diabete\/\">infiammazione<\/a> ed affaticamento.<\/p>\n<p>Ma in che modo si fa prevenzione? in primis \u00e8 necessario <b>bere molta acqua<\/b> (almeno 2 litri al d\u00ec) al fine di evitare la disidratazione dell\u2019epitelio, cio\u00e8 del tessuto superficiale delle corde vocali. Altro accorgimento \u00e8 quello di <b>evitare di fumare <\/b>o di respirare il fumo passivo poich\u00e9 il fumo di sigaretta, assieme all\u2019alcol, favorisce l\u2019infiammazione delle corde vocali che diventano poco a poco pi\u00f9 vulnerabili al rischio di infezioni. Da non sottovalutare poi \u00e8 la <b>calma emotiva<\/b> &#8211; una delle forme di prevenzione tra le pi\u00f9 potenti che abbiamo &#8211; in quanto le alterazioni di voce sono spesso favorite da stati quali ansia, timidezza eccessiva, stress e disagio.<\/p>\n<p>Tra i trattamenti che invece consentono alle corde vocali di recuperare la loro funzionalit\u00e0 ottimale, quelli che sfruttano sostanze appartenenti al regno vegetale, minerale o animale si sono dimostrate significativamente efficaci, tanto che <b>i rimedi omeopatici trovano oggi largo impiego proprio in foniatria<\/b>.<\/p>\n<p>Per ottenere beneficio dai rimedi omeopatici e determinare i pi\u00f9 adeguati rispetto alla condizione, oltre a tenere conto del <b>contesto eziologico <\/b>(ad esempio un\u2019infreddatura, uno sforzo vocale, una iperacidit\u00e0) da valutare con il proprio medico, \u00e8 altres\u00ec necessario valutare la<b> sintomatologia<\/b> concomitante e predominante (tosse, bruciore, secchezza etc.). Ci\u00f2 servir\u00e0 a tracciare un percorso omeopatico ben definito e che porti alla risoluzione del problema nei termini e nei tempi ottimali.<\/p>\n<h2>I rimedi Omeopatici pi\u00f9 efficaci in caso di Raucedine e Disfonie<\/h2>\n<p>In omeopatia esistono diverse opportunit\u00e0 terapeutiche che consentono di intervenire tempestivamente in presenza di disfonie transitorie, ossia in caso di alterazioni di voce o laringee dovute ad un suo uso eccessivo (pensiamo ai cantanti) oppure a stati infiammatori che interessano le corde vocali.<\/p>\n<p><strong>Alcune fonti impiegate per la stesura del contenuto:<\/strong><\/p>\n<p><a href=\"https:\/\/goo.gl\/qM4SGr\">https:\/\/goo.gl\/qM4SGr<\/a><\/p>\n<p><a href=\"http:\/\/www.homeopathycenter.org\/\">http:\/\/www.homeopathycenter.org\/<\/a><\/p>\n<p><a href=\"http:\/\/www.smbitalia.org\/cahiers\/pdfs\/2005\/3_2005\/Disfonie.PDF\">http:\/\/www.smbitalia.org\/cahiers\/pdfs\/2005\/3_2005\/Disfonie.PDF<\/a><\/p>\n<p><a href=\"http:\/\/www.homeopathe.org\/Docupdf\/laryngites_EN.pdf\">http:\/\/www.homeopathe.org\/Docupdf\/laryngites_EN.pdf<\/a><\/p>\n<p><a href=\"https:\/\/www.hri-research.org\/\">https:\/\/www.hri-research.org\/<\/a><\/p>\n<p><a href=\"https:\/\/goo.gl\/F3hwaT\">https:\/\/goo.gl\/F3hwaT<\/a><\/p>\n","protected":false},"excerpt":{"rendered":"<p>Raucedine &#8211; L\u2019Omeopatia per contrastare l\u2019alterazione di voce Un focus sulla Raucedine, sui suoi sintomi e le sue cause pi\u00f9 comuni, per imparare a conoscerla, riconoscerla e trattarla in modo naturale attraverso le sostanze tradizionalmente utilizzate dalla farmacologia omeopatica. &nbsp; Raucedine: tra sintomi e cause Disturbo assai diffuso &#8211; soprattutto nei mesi invernali per via [&hellip;]<\/p>\n","protected":false},"author":1,"featured_media":7967,"comment_status":"open","ping_status":"open","sticky":false,"template":"","format":"standard","meta":{"footnotes":""},"categories":[407,441],"tags":[],"class_list":{"0":"post-7966","1":"post","2":"type-post","3":"status-publish","4":"format-standard","5":"has-post-thumbnail","7":"category-omeopatia","8":"category-raucedine-e-omeopatia"},"yoast_head":"<!-- This site is optimized with the Yoast SEO Premium plugin v25.2 (Yoast SEO v26.9) - https:\/\/yoast.com\/product\/yoast-seo-premium-wordpress\/ -->\n<title>Raucedine e Omeopatia - I Rimedi Omeopatici per i disturbi della voce<\/title>\n<meta name=\"description\" content=\"Raucedine e Omeopatia. I disturbi della voce come la Raucedine sono stati infiammatori su cui si pu\u00f2 intervenire con i rimedi omeopatici\" \/>\n<meta name=\"robots\" content=\"index, follow, max-snippet:-1, max-image-preview:large, max-video-preview:-1\" \/>\n<link rel=\"canonical\" href=\"https:\/\/www.vandaomeopatici.it\/it\/raucedine-omeopatia-rimedi-omeopatici-disturbi-della-voce\/\" \/>\n<meta property=\"og:locale\" content=\"it_IT\" \/>\n<meta property=\"og:type\" content=\"article\" \/>\n<meta property=\"og:title\" content=\"Raucedine e Omeopatia - I Rimedi Omeopatici per i disturbi della voce\" \/>\n<meta property=\"og:description\" content=\"Raucedine e Omeopatia. I disturbi della voce come la Raucedine sono stati infiammatori su cui si pu\u00f2 intervenire con i rimedi omeopatici\" \/>\n<meta property=\"og:url\" content=\"https:\/\/www.vandaomeopatici.it\/it\/raucedine-omeopatia-rimedi-omeopatici-disturbi-della-voce\/\" \/>\n<meta property=\"og:site_name\" content=\"Vanda Integrative Medicine\" \/>\n<meta property=\"article:publisher\" content=\"https:\/\/www.facebook.com\/vandaomeopatici\" \/>\n<meta property=\"article:published_time\" content=\"2017-12-05T09:53:31+00:00\" \/>\n<meta property=\"article:modified_time\" content=\"2017-12-07T13:06:43+00:00\" \/>\n<meta property=\"og:image\" content=\"https:\/\/www.vandaomeopatici.it\/it\/wp-content\/uploads\/2017\/12\/raucedine-e-omeopatia.jpg\" \/>\n\t<meta property=\"og:image:width\" content=\"1100\" \/>\n\t<meta property=\"og:image:height\" content=\"755\" \/>\n\t<meta property=\"og:image:type\" content=\"image\/jpeg\" \/>\n<meta name=\"author\" content=\"Laboratorio Vanda\" \/>\n<meta name=\"twitter:card\" content=\"summary_large_image\" \/>\n<meta name=\"twitter:creator\" content=\"@VandaOmeopatici\" \/>\n<meta name=\"twitter:site\" content=\"@VandaOmeopatici\" \/>\n<meta name=\"twitter:label1\" content=\"Scritto da\" \/>\n\t<meta name=\"twitter:data1\" content=\"Laboratorio Vanda\" \/>\n\t<meta name=\"twitter:label2\" content=\"Tempo di lettura stimato\" \/>\n\t<meta name=\"twitter:data2\" content=\"3 minuti\" \/>\n<script type=\"application\/ld+json\" class=\"yoast-schema-graph\">{\"@context\":\"https:\/\/schema.org\",\"@graph\":[{\"@type\":\"Article\",\"@id\":\"https:\/\/www.vandaomeopatici.it\/it\/raucedine-omeopatia-rimedi-omeopatici-disturbi-della-voce\/#article\",\"isPartOf\":{\"@id\":\"https:\/\/www.vandaomeopatici.it\/it\/raucedine-omeopatia-rimedi-omeopatici-disturbi-della-voce\/\"},\"author\":{\"name\":\"Laboratorio Vanda\",\"@id\":\"https:\/\/www.vandaomeopatici.it\/it\/#\/schema\/person\/0d450801a797ff386b3694196e19de69\"},\"headline\":\"Raucedine e Omeopatia &#8211; I Rimedi Omeopatici per i disturbi della voce\",\"datePublished\":\"2017-12-05T09:53:31+00:00\",\"dateModified\":\"2017-12-07T13:06:43+00:00\",\"mainEntityOfPage\":{\"@id\":\"https:\/\/www.vandaomeopatici.it\/it\/raucedine-omeopatia-rimedi-omeopatici-disturbi-della-voce\/\"},\"wordCount\":659,\"commentCount\":0,\"publisher\":{\"@id\":\"https:\/\/www.vandaomeopatici.it\/it\/#organization\"},\"image\":{\"@id\":\"https:\/\/www.vandaomeopatici.it\/it\/raucedine-omeopatia-rimedi-omeopatici-disturbi-della-voce\/#primaryimage\"},\"thumbnailUrl\":\"https:\/\/www.vandaomeopatici.it\/it\/wp-content\/uploads\/2017\/12\/raucedine-e-omeopatia.jpg\",\"articleSection\":[\"Omeopatia\",\"raucedine e omeopatia\"],\"inLanguage\":\"it-IT\",\"potentialAction\":[{\"@type\":\"CommentAction\",\"name\":\"Comment\",\"target\":[\"https:\/\/www.vandaomeopatici.it\/it\/raucedine-omeopatia-rimedi-omeopatici-disturbi-della-voce\/#respond\"]}]},{\"@type\":\"WebPage\",\"@id\":\"https:\/\/www.vandaomeopatici.it\/it\/raucedine-omeopatia-rimedi-omeopatici-disturbi-della-voce\/\",\"url\":\"https:\/\/www.vandaomeopatici.it\/it\/raucedine-omeopatia-rimedi-omeopatici-disturbi-della-voce\/\",\"name\":\"Raucedine e Omeopatia - I Rimedi Omeopatici per i disturbi della voce\",\"isPartOf\":{\"@id\":\"https:\/\/www.vandaomeopatici.it\/it\/#website\"},\"primaryImageOfPage\":{\"@id\":\"https:\/\/www.vandaomeopatici.it\/it\/raucedine-omeopatia-rimedi-omeopatici-disturbi-della-voce\/#primaryimage\"},\"image\":{\"@id\":\"https:\/\/www.vandaomeopatici.it\/it\/raucedine-omeopatia-rimedi-omeopatici-disturbi-della-voce\/#primaryimage\"},\"thumbnailUrl\":\"https:\/\/www.vandaomeopatici.it\/it\/wp-content\/uploads\/2017\/12\/raucedine-e-omeopatia.jpg\",\"datePublished\":\"2017-12-05T09:53:31+00:00\",\"dateModified\":\"2017-12-07T13:06:43+00:00\",\"description\":\"Raucedine e Omeopatia. I disturbi della voce come la Raucedine sono stati infiammatori su cui si pu\u00f2 intervenire con i rimedi omeopatici\",\"breadcrumb\":{\"@id\":\"https:\/\/www.vandaomeopatici.it\/it\/raucedine-omeopatia-rimedi-omeopatici-disturbi-della-voce\/#breadcrumb\"},\"inLanguage\":\"it-IT\",\"potentialAction\":[{\"@type\":\"ReadAction\",\"target\":[\"https:\/\/www.vandaomeopatici.it\/it\/raucedine-omeopatia-rimedi-omeopatici-disturbi-della-voce\/\"]}]},{\"@type\":\"ImageObject\",\"inLanguage\":\"it-IT\",\"@id\":\"https:\/\/www.vandaomeopatici.it\/it\/raucedine-omeopatia-rimedi-omeopatici-disturbi-della-voce\/#primaryimage\",\"url\":\"https:\/\/www.vandaomeopatici.it\/it\/wp-content\/uploads\/2017\/12\/raucedine-e-omeopatia.jpg\",\"contentUrl\":\"https:\/\/www.vandaomeopatici.it\/it\/wp-content\/uploads\/2017\/12\/raucedine-e-omeopatia.jpg\",\"width\":1100,\"height\":755,\"caption\":\"Raucedine e Omeopatia, i rimedi efficaci\"},{\"@type\":\"BreadcrumbList\",\"@id\":\"https:\/\/www.vandaomeopatici.it\/it\/raucedine-omeopatia-rimedi-omeopatici-disturbi-della-voce\/#breadcrumb\",\"itemListElement\":[{\"@type\":\"ListItem\",\"position\":1,\"name\":\"Home\",\"item\":\"https:\/\/www.vandaomeopatici.it\/it\/\"},{\"@type\":\"ListItem\",\"position\":2,\"name\":\"Raucedine e Omeopatia &#8211; I Rimedi Omeopatici per i disturbi della voce\"}]},{\"@type\":\"WebSite\",\"@id\":\"https:\/\/www.vandaomeopatici.it\/it\/#website\",\"url\":\"https:\/\/www.vandaomeopatici.it\/it\/\",\"name\":\"Vanda Integrative Medicine\",\"description\":\"\",\"publisher\":{\"@id\":\"https:\/\/www.vandaomeopatici.it\/it\/#organization\"},\"potentialAction\":[{\"@type\":\"SearchAction\",\"target\":{\"@type\":\"EntryPoint\",\"urlTemplate\":\"https:\/\/www.vandaomeopatici.it\/it\/?s={search_term_string}\"},\"query-input\":{\"@type\":\"PropertyValueSpecification\",\"valueRequired\":true,\"valueName\":\"search_term_string\"}}],\"inLanguage\":\"it-IT\"},{\"@type\":\"Organization\",\"@id\":\"https:\/\/www.vandaomeopatici.it\/it\/#organization\",\"name\":\"Vanda Omeopatici\",\"url\":\"https:\/\/www.vandaomeopatici.it\/it\/\",\"logo\":{\"@type\":\"ImageObject\",\"inLanguage\":\"it-IT\",\"@id\":\"https:\/\/www.vandaomeopatici.it\/it\/#\/schema\/logo\/image\/\",\"url\":\"https:\/\/www.vandaomeopatici.it\/it\/wp-content\/uploads\/2015\/04\/logo_vanda_retina.png\",\"contentUrl\":\"https:\/\/www.vandaomeopatici.it\/it\/wp-content\/uploads\/2015\/04\/logo_vanda_retina.png\",\"width\":240,\"height\":240,\"caption\":\"Vanda Omeopatici\"},\"image\":{\"@id\":\"https:\/\/www.vandaomeopatici.it\/it\/#\/schema\/logo\/image\/\"},\"sameAs\":[\"https:\/\/www.facebook.com\/vandaomeopatici\",\"https:\/\/x.com\/VandaOmeopatici\",\"https:\/\/instagram.com\/vanda_omeopatici\/\",\"https:\/\/it.linkedin.com\/company\/vanda-omeopatici\",\"https:\/\/www.pinterest.com\/vandaomeopatici\/\"]},{\"@type\":\"Person\",\"@id\":\"https:\/\/www.vandaomeopatici.it\/it\/#\/schema\/person\/0d450801a797ff386b3694196e19de69\",\"name\":\"Laboratorio Vanda\"}]}<\/script>\n<!-- \/ Yoast SEO Premium plugin. -->","yoast_head_json":{"title":"Raucedine e Omeopatia - I Rimedi Omeopatici per i disturbi della voce","description":"Raucedine e Omeopatia. I disturbi della voce come la Raucedine sono stati infiammatori su cui si pu\u00f2 intervenire con i rimedi omeopatici","robots":{"index":"index","follow":"follow","max-snippet":"max-snippet:-1","max-image-preview":"max-image-preview:large","max-video-preview":"max-video-preview:-1"},"canonical":"https:\/\/www.vandaomeopatici.it\/it\/raucedine-omeopatia-rimedi-omeopatici-disturbi-della-voce\/","og_locale":"it_IT","og_type":"article","og_title":"Raucedine e Omeopatia - I Rimedi Omeopatici per i disturbi della voce","og_description":"Raucedine e Omeopatia. I disturbi della voce come la Raucedine sono stati infiammatori su cui si pu\u00f2 intervenire con i rimedi omeopatici","og_url":"https:\/\/www.vandaomeopatici.it\/it\/raucedine-omeopatia-rimedi-omeopatici-disturbi-della-voce\/","og_site_name":"Vanda Integrative Medicine","article_publisher":"https:\/\/www.facebook.com\/vandaomeopatici","article_published_time":"2017-12-05T09:53:31+00:00","article_modified_time":"2017-12-07T13:06:43+00:00","og_image":[{"width":1100,"height":755,"url":"https:\/\/www.vandaomeopatici.it\/it\/wp-content\/uploads\/2017\/12\/raucedine-e-omeopatia.jpg","type":"image\/jpeg"}],"author":"Laboratorio Vanda","twitter_card":"summary_large_image","twitter_creator":"@VandaOmeopatici","twitter_site":"@VandaOmeopatici","twitter_misc":{"Scritto da":"Laboratorio Vanda","Tempo di lettura stimato":"3 minuti"},"schema":{"@context":"https:\/\/schema.org","@graph":[{"@type":"Article","@id":"https:\/\/www.vandaomeopatici.it\/it\/raucedine-omeopatia-rimedi-omeopatici-disturbi-della-voce\/#article","isPartOf":{"@id":"https:\/\/www.vandaomeopatici.it\/it\/raucedine-omeopatia-rimedi-omeopatici-disturbi-della-voce\/"},"author":{"name":"Laboratorio Vanda","@id":"https:\/\/www.vandaomeopatici.it\/it\/#\/schema\/person\/0d450801a797ff386b3694196e19de69"},"headline":"Raucedine e Omeopatia &#8211; I Rimedi Omeopatici per i disturbi della voce","datePublished":"2017-12-05T09:53:31+00:00","dateModified":"2017-12-07T13:06:43+00:00","mainEntityOfPage":{"@id":"https:\/\/www.vandaomeopatici.it\/it\/raucedine-omeopatia-rimedi-omeopatici-disturbi-della-voce\/"},"wordCount":659,"commentCount":0,"publisher":{"@id":"https:\/\/www.vandaomeopatici.it\/it\/#organization"},"image":{"@id":"https:\/\/www.vandaomeopatici.it\/it\/raucedine-omeopatia-rimedi-omeopatici-disturbi-della-voce\/#primaryimage"},"thumbnailUrl":"https:\/\/www.vandaomeopatici.it\/it\/wp-content\/uploads\/2017\/12\/raucedine-e-omeopatia.jpg","articleSection":["Omeopatia","raucedine e omeopatia"],"inLanguage":"it-IT","potentialAction":[{"@type":"CommentAction","name":"Comment","target":["https:\/\/www.vandaomeopatici.it\/it\/raucedine-omeopatia-rimedi-omeopatici-disturbi-della-voce\/#respond"]}]},{"@type":"WebPage","@id":"https:\/\/www.vandaomeopatici.it\/it\/raucedine-omeopatia-rimedi-omeopatici-disturbi-della-voce\/","url":"https:\/\/www.vandaomeopatici.it\/it\/raucedine-omeopatia-rimedi-omeopatici-disturbi-della-voce\/","name":"Raucedine e Omeopatia - I Rimedi Omeopatici per i disturbi della voce","isPartOf":{"@id":"https:\/\/www.vandaomeopatici.it\/it\/#website"},"primaryImageOfPage":{"@id":"https:\/\/www.vandaomeopatici.it\/it\/raucedine-omeopatia-rimedi-omeopatici-disturbi-della-voce\/#primaryimage"},"image":{"@id":"https:\/\/www.vandaomeopatici.it\/it\/raucedine-omeopatia-rimedi-omeopatici-disturbi-della-voce\/#primaryimage"},"thumbnailUrl":"https:\/\/www.vandaomeopatici.it\/it\/wp-content\/uploads\/2017\/12\/raucedine-e-omeopatia.jpg","datePublished":"2017-12-05T09:53:31+00:00","dateModified":"2017-12-07T13:06:43+00:00","description":"Raucedine e Omeopatia. I disturbi della voce come la Raucedine sono stati infiammatori su cui si pu\u00f2 intervenire con i rimedi omeopatici","breadcrumb":{"@id":"https:\/\/www.vandaomeopatici.it\/it\/raucedine-omeopatia-rimedi-omeopatici-disturbi-della-voce\/#breadcrumb"},"inLanguage":"it-IT","potentialAction":[{"@type":"ReadAction","target":["https:\/\/www.vandaomeopatici.it\/it\/raucedine-omeopatia-rimedi-omeopatici-disturbi-della-voce\/"]}]},{"@type":"ImageObject","inLanguage":"it-IT","@id":"https:\/\/www.vandaomeopatici.it\/it\/raucedine-omeopatia-rimedi-omeopatici-disturbi-della-voce\/#primaryimage","url":"https:\/\/www.vandaomeopatici.it\/it\/wp-content\/uploads\/2017\/12\/raucedine-e-omeopatia.jpg","contentUrl":"https:\/\/www.vandaomeopatici.it\/it\/wp-content\/uploads\/2017\/12\/raucedine-e-omeopatia.jpg","width":1100,"height":755,"caption":"Raucedine e Omeopatia, i rimedi efficaci"},{"@type":"BreadcrumbList","@id":"https:\/\/www.vandaomeopatici.it\/it\/raucedine-omeopatia-rimedi-omeopatici-disturbi-della-voce\/#breadcrumb","itemListElement":[{"@type":"ListItem","position":1,"name":"Home","item":"https:\/\/www.vandaomeopatici.it\/it\/"},{"@type":"ListItem","position":2,"name":"Raucedine e Omeopatia &#8211; I Rimedi Omeopatici per i disturbi della voce"}]},{"@type":"WebSite","@id":"https:\/\/www.vandaomeopatici.it\/it\/#website","url":"https:\/\/www.vandaomeopatici.it\/it\/","name":"Vanda Integrative Medicine","description":"","publisher":{"@id":"https:\/\/www.vandaomeopatici.it\/it\/#organization"},"potentialAction":[{"@type":"SearchAction","target":{"@type":"EntryPoint","urlTemplate":"https:\/\/www.vandaomeopatici.it\/it\/?s={search_term_string}"},"query-input":{"@type":"PropertyValueSpecification","valueRequired":true,"valueName":"search_term_string"}}],"inLanguage":"it-IT"},{"@type":"Organization","@id":"https:\/\/www.vandaomeopatici.it\/it\/#organization","name":"Vanda Omeopatici","url":"https:\/\/www.vandaomeopatici.it\/it\/","logo":{"@type":"ImageObject","inLanguage":"it-IT","@id":"https:\/\/www.vandaomeopatici.it\/it\/#\/schema\/logo\/image\/","url":"https:\/\/www.vandaomeopatici.it\/it\/wp-content\/uploads\/2015\/04\/logo_vanda_retina.png","contentUrl":"https:\/\/www.vandaomeopatici.it\/it\/wp-content\/uploads\/2015\/04\/logo_vanda_retina.png","width":240,"height":240,"caption":"Vanda Omeopatici"},"image":{"@id":"https:\/\/www.vandaomeopatici.it\/it\/#\/schema\/logo\/image\/"},"sameAs":["https:\/\/www.facebook.com\/vandaomeopatici","https:\/\/x.com\/VandaOmeopatici","https:\/\/instagram.com\/vanda_omeopatici\/","https:\/\/it.linkedin.com\/company\/vanda-omeopatici","https:\/\/www.pinterest.com\/vandaomeopatici\/"]},{"@type":"Person","@id":"https:\/\/www.vandaomeopatici.it\/it\/#\/schema\/person\/0d450801a797ff386b3694196e19de69","name":"Laboratorio Vanda"}]}},"_links":{"self":[{"href":"https:\/\/www.vandaomeopatici.it\/it\/wp-json\/wp\/v2\/posts\/7966","targetHints":{"allow":["GET"]}}],"collection":[{"href":"https:\/\/www.vandaomeopatici.it\/it\/wp-json\/wp\/v2\/posts"}],"about":[{"href":"https:\/\/www.vandaomeopatici.it\/it\/wp-json\/wp\/v2\/types\/post"}],"author":[{"embeddable":true,"href":"https:\/\/www.vandaomeopatici.it\/it\/wp-json\/wp\/v2\/users\/1"}],"replies":[{"embeddable":true,"href":"https:\/\/www.vandaomeopatici.it\/it\/wp-json\/wp\/v2\/comments?post=7966"}],"version-history":[{"count":0,"href":"https:\/\/www.vandaomeopatici.it\/it\/wp-json\/wp\/v2\/posts\/7966\/revisions"}],"wp:featuredmedia":[{"embeddable":true,"href":"https:\/\/www.vandaomeopatici.it\/it\/wp-json\/wp\/v2\/media\/7967"}],"wp:attachment":[{"href":"https:\/\/www.vandaomeopatici.it\/it\/wp-json\/wp\/v2\/media?parent=7966"}],"wp:term":[{"taxonomy":"category","embeddable":true,"href":"https:\/\/www.vandaomeopatici.it\/it\/wp-json\/wp\/v2\/categories?post=7966"},{"taxonomy":"post_tag","embeddable":true,"href":"https:\/\/www.vandaomeopatici.it\/it\/wp-json\/wp\/v2\/tags?post=7966"}],"curies":[{"name":"wp","href":"https:\/\/api.w.org\/{rel}","templated":true}]}}