{"id":9062,"date":"2018-10-31T16:46:56","date_gmt":"2018-10-31T14:46:56","guid":{"rendered":"http:\/\/www.vandaomeopatici.it\/it\/?p=9062"},"modified":"2023-05-26T10:11:32","modified_gmt":"2023-05-26T08:11:32","slug":"omeopatia-farmacia","status":"publish","type":"post","link":"https:\/\/www.vandaomeopatici.it\/it\/omeopatia-farmacia\/","title":{"rendered":"Omeopatia. Federazione Nazionale dei Farmacisti: un dovere essere preparati. Entrer\u00e0 nel nuovo codice deontologico"},"content":{"rendered":"<h1>Omeopatia. Farmacisti: un dovere essere preparati. Entrer\u00e0 nel nuovo codice deontologico<\/h1>\n<p>&nbsp;<\/p>\n<div style=\"width: 696px;\" class=\"wp-video\"><!--[if lt IE 9]><script>document.createElement('video');<\/script><![endif]-->\n<video class=\"wp-video-shortcode\" id=\"video-9062-1\" width=\"696\" height=\"392\" preload=\"metadata\" controls=\"controls\"><source type=\"video\/mp4\" src=\"http:\/\/www.vandaomeopatici.it\/it\/wp-content\/uploads\/2018\/10\/farmacia-omeopatia.mp4?_=1\" \/><a href=\"http:\/\/www.vandaomeopatici.it\/it\/wp-content\/uploads\/2018\/10\/farmacia-omeopatia.mp4\">http:\/\/www.vandaomeopatici.it\/it\/wp-content\/uploads\/2018\/10\/farmacia-omeopatia.mp4<\/a><\/video><\/div>\n<p>&nbsp;<\/p>\n<p>&nbsp;<\/p>\n<p>&nbsp;<\/p>\n<p>L&#8217;omeopatia \u00e8 riconosciuta per legge <a href=\"http:\/\/www.vandaomeopatici.it\/it\/omeopatia-who\/\" target=\"_blank\" rel=\"noopener\"><strong>medicina a tutti gli effe<\/strong><strong>tti<\/strong><\/a>, cos\u00ec come i prodotti omeopatici sono <a href=\"http:\/\/www.vandaomeopatici.it\/it\/gazzetta-ufficiale-aic-vanda-17-vanda-29-vanda-44-vanda-39-vanda-69-vanda-32-vanda-73\/\" target=\"_blank\" rel=\"noopener\"><strong>classificati come farmaci<\/strong><\/a>, dovere del farmacista \u00e8 essere preparato e non rifiutare di dispensarli, ma anche divulgare cultura sanitaria e <a href=\"http:\/\/www.vandaomeopatici.it\/it\/omeopatia-bufala-placebo\/\" target=\"_blank\" rel=\"noopener\"><strong>veicolare verit\u00e0<\/strong><\/a>, a fronte di informazioni troppo spesso <a href=\"http:\/\/www.vandaomeopatici.it\/it\/omeopatia-presa-diretta\/\" target=\"_blank\" rel=\"noopener\"><strong>non controllate. <\/strong><\/a><\/p>\n<p>Questo il messaggio emerso dalle parole di\u00a0<b>Gianfranco Picciau<\/b>, componente del Comitato Centrale Fofi e di\u00a0<b>Vittorio Contarina<\/b>, vicepresidente di <a href=\"https:\/\/www.federfarma.it\/\" target=\"_blank\" rel=\"noopener\">Federfarma<\/a>, a margine del convegno &#8220;Il supporto al paziente oncologico: il ruolo del farmacista e l&#8217;opportunit\u00e0 dei medicinali omeopatici&#8221;, organizzato nell&#8217;ambito della manifestazione &#8216;<a href=\"http:\/\/www.farmacistapiu.it\/\" target=\"_blank\" rel=\"noopener\">Farmacistapi\u00f9<\/a>&#8216;, che si \u00e8 appena tenuta a Roma.<\/p>\n<p>\u00abLa <strong>Federazione degli Ordini dei farmacisti<\/strong> ha dimostrato <strong>grande attenzione verso l&#8217;omeopatia<\/strong>, che \u00e8 riconosciuta per legge medicina a tutti gli effetti, cos\u00ec come i prodotti sono classificati come farmaci &#8211; ha sottolineato Picciau &#8211; \u00c8 infatti dovere del farmacista quello di essere preparato e di non potersi rifiutare di dispensare questi medicinali, come qualcuno polemicamente ha auspicato.<\/p>\n<h2>Nuovo Codice deontologico<\/h2>\n<p>Una sensibilit\u00e0, quella della Fofi, tale da aver portato a inserire nella nuova stesura del <strong>codice deontologico<\/strong> <strong>due articoli dedicati alle medicine complementari<\/strong>, in primis l&#8217;omeopatia\u00bb.<\/p>\n<p>E ha aggiunto: \u00abLa Fofi si adopera, insieme al suo presidente<b>\u00a0Andrea Mandelli<\/b>\u00a0perch\u00e9 si arrivi a una <strong>legiferazione chiara<\/strong> in materia chiara.<\/p>\n<p>La Fofi si sta molto battendo per la professionalit\u00e0 del farmacista e concetti come <strong>&#8220;presa in carico del paziente&#8221;<\/strong> o <strong>&#8220;farmacista clinico&#8221;<\/strong> devono essere valori <strong>imprescindibili<\/strong>, perch\u00e9 se vogliamo che la gente torni nelle nostre farmacie e si fidi di noi dobbiamo essere preparati, e questo oltre che un&#8217;opportunit\u00e0 \u00e8 diventato un dovere imprescindibile.<\/p>\n<h2>Il ruolo del Farmacista nelle terapie complementari<\/h2>\n<p>La <strong>figura del farmacista \u00e8 fondamentale<\/strong> nelle terapie di supporto alle malattie croniche. Oggi abbiamo parlato di terapie oncologiche e qui il ruolo del farmacista &#8211; con un dialogo e la presa in carico del paziente e della sua famiglia, perch\u00e9 in certe patologie ci sono aspetti psicologici importantissimi &#8211; \u00e8 fondamentale.<\/p>\n<h3>Gestione del paziente oncologico, l&#8217;importanza del Farmacista<\/h3>\n<p>Il farmacista dunque &#8211; ha concluso &#8211; pu\u00f2 consigliare non a trovare una terapia alternativa, ma <strong>coadiuvante<\/strong> che aiuti a migliorare la qualit\u00e0 della vita di pazienti sottoposti a <strong>cure anticancro<\/strong>\u00bb.<\/p>\n<p>&nbsp;<\/p>\n<h2>Divulgare cultura sanitaria<\/h2>\n<p>Sulla stessa linea i <strong>titolari di farmacia<\/strong>: \u00abStiamo vivendo una sorta di <a href=\"http:\/\/www.vandaomeopatici.it\/it\/lettera-di-un-medico-per-il-paziente\/\" target=\"_blank\" rel=\"noopener\"><strong>&#8216;medioevo culturale&#8217;<\/strong><\/a> dove le fake news la fanno da padrone, con una deriva pericolosissima &#8211; ha sottolineato <strong>Contarina<\/strong> &#8211; E sono <strong>indignato dall&#8217;attacco che l&#8217;omeopatia sta subendo<\/strong> in questi anni, spesso nel <strong>silenzio di molti medici<\/strong>.<\/p>\n<p>Il nostro compito di farmacisti &#8211; ha aggiunto &#8211; \u00e8 quello di <strong>divulgare cultura sanitaria<\/strong> e veicolare verit\u00e0, a fronte di informazioni troppo spesso non controllate.<\/p>\n<h3>Aderenza alla terapie e presa in carico del paziente<\/h3>\n<p>In particolare, laddove si fa tanto parlare di aderenza alla terapia e presa in carico del paziente, sono convinto che si debba <strong>guardare al farmacista esperto in omeopatia come esempio di vera e propria presa in carico<\/strong>, perch\u00e9 si tratta di un professionista che va sempre in profondit\u00e0, che guarda al paziente a tutto tondo, che guarda non solo alla malattia ma all&#8217;intera sfera personale e famigliare di chi ha di fronte\u00bb.<\/p>\n<p><img loading=\"lazy\" decoding=\"async\" class=\"alignnone wp-image-9065 size-full\" src=\"http:\/\/www.vandaomeopatici.it\/it\/wp-content\/uploads\/2018\/10\/i-rimedi-omeopatici-in-farmacia.jpg\" alt=\"\" width=\"800\" height=\"888\" srcset=\"https:\/\/www.vandaomeopatici.it\/it\/wp-content\/uploads\/2018\/10\/i-rimedi-omeopatici-in-farmacia.jpg 800w, https:\/\/www.vandaomeopatici.it\/it\/wp-content\/uploads\/2018\/10\/i-rimedi-omeopatici-in-farmacia-270x300.jpg 270w, https:\/\/www.vandaomeopatici.it\/it\/wp-content\/uploads\/2018\/10\/i-rimedi-omeopatici-in-farmacia-768x852.jpg 768w, https:\/\/www.vandaomeopatici.it\/it\/wp-content\/uploads\/2018\/10\/i-rimedi-omeopatici-in-farmacia-483x536.jpg 483w\" sizes=\"auto, (max-width: 800px) 100vw, 800px\" \/><\/p>\n<p>Fonte: <a href=\"http:\/\/www.farmacista33.it\/omeopatia-farmacisti-un-dovere-essere-preparati-entrera-nel-nuovo-codice-deontologico\/politica-e-sanita\/news--45822.html?fbclid=IwAR3ma341GYy_QCnJwLte64MP5WG-ftRP-yDLlBOmQi9wuZjSu8BFCz-YnQI\" target=\"_blank\" rel=\"noopener\"><strong>Farmacista33<\/strong><\/a><\/p>\n","protected":false},"excerpt":{"rendered":"<p>Omeopatia. Farmacisti: un dovere essere preparati. Entrer\u00e0 nel nuovo codice deontologico &nbsp; &nbsp; &nbsp; &nbsp; L&#8217;omeopatia \u00e8 riconosciuta per legge medicina a tutti gli effetti, cos\u00ec come i prodotti omeopatici sono classificati come farmaci, dovere del farmacista \u00e8 essere preparato e non rifiutare di dispensarli, ma anche divulgare cultura sanitaria e veicolare verit\u00e0, a fronte [&hellip;]<\/p>\n","protected":false},"author":5,"featured_media":9063,"comment_status":"open","ping_status":"open","sticky":false,"template":"","format":"standard","meta":{"footnotes":""},"categories":[446],"tags":[],"class_list":{"0":"post-9062","1":"post","2":"type-post","3":"status-publish","4":"format-standard","5":"has-post-thumbnail","7":"category-farmacia-omeopatia"},"yoast_head":"<!-- This site is optimized with the Yoast SEO Premium plugin v25.2 (Yoast SEO v26.9) - https:\/\/yoast.com\/product\/yoast-seo-premium-wordpress\/ -->\n<title>Omeopatia. Federazione Nazionale dei Farmacisti: un dovere essere preparati. Entrer\u00e0 nel nuovo codice deontologico<\/title>\n<meta name=\"description\" content=\"Omeopatia farmacia: importanza del ruolo del Farmacista nella divulgazione della cultura sanitaria. Presa in carico del paziente in ottica complementare. Nuovo codice deontologico per la cultura dell&#039;omeopatia.\" \/>\n<meta name=\"robots\" content=\"index, follow, max-snippet:-1, max-image-preview:large, max-video-preview:-1\" \/>\n<link rel=\"canonical\" href=\"https:\/\/www.vandaomeopatici.it\/it\/omeopatia-farmacia\/\" \/>\n<meta property=\"og:locale\" content=\"it_IT\" \/>\n<meta property=\"og:type\" content=\"article\" \/>\n<meta property=\"og:title\" content=\"Omeopatia. Federazione Nazionale dei Farmacisti: un dovere essere preparati. Entrer\u00e0 nel nuovo codice deontologico\" \/>\n<meta property=\"og:description\" content=\"Omeopatia farmacia: importanza del ruolo del Farmacista nella divulgazione della cultura sanitaria. Presa in carico del paziente in ottica complementare. Nuovo codice deontologico per la cultura dell&#039;omeopatia.\" \/>\n<meta property=\"og:url\" content=\"https:\/\/www.vandaomeopatici.it\/it\/omeopatia-farmacia\/\" \/>\n<meta property=\"og:site_name\" content=\"Vanda Integrative Medicine\" \/>\n<meta property=\"article:publisher\" content=\"https:\/\/www.facebook.com\/vandaomeopatici\" \/>\n<meta property=\"article:published_time\" content=\"2018-10-31T14:46:56+00:00\" \/>\n<meta property=\"article:modified_time\" content=\"2023-05-26T08:11:32+00:00\" \/>\n<meta property=\"og:image\" content=\"https:\/\/www.vandaomeopatici.it\/it\/wp-content\/uploads\/2018\/10\/farmacia-omeopatia.jpg\" \/>\n\t<meta property=\"og:image:width\" content=\"800\" \/>\n\t<meta property=\"og:image:height\" content=\"616\" \/>\n\t<meta property=\"og:image:type\" content=\"image\/jpeg\" \/>\n<meta name=\"author\" content=\"redazione\" \/>\n<meta name=\"twitter:card\" content=\"summary_large_image\" \/>\n<meta name=\"twitter:creator\" content=\"@VandaOmeopatici\" \/>\n<meta name=\"twitter:site\" content=\"@VandaOmeopatici\" \/>\n<meta name=\"twitter:label1\" content=\"Scritto da\" \/>\n\t<meta name=\"twitter:data1\" content=\"redazione\" \/>\n\t<meta name=\"twitter:label2\" content=\"Tempo di lettura stimato\" \/>\n\t<meta name=\"twitter:data2\" content=\"3 minuti\" \/>\n<script type=\"application\/ld+json\" class=\"yoast-schema-graph\">{\"@context\":\"https:\/\/schema.org\",\"@graph\":[{\"@type\":\"Article\",\"@id\":\"https:\/\/www.vandaomeopatici.it\/it\/omeopatia-farmacia\/#article\",\"isPartOf\":{\"@id\":\"https:\/\/www.vandaomeopatici.it\/it\/omeopatia-farmacia\/\"},\"author\":{\"name\":\"redazione\",\"@id\":\"https:\/\/www.vandaomeopatici.it\/it\/#\/schema\/person\/a0551e50d6828fb0bd2abfbe6053dd74\"},\"headline\":\"Omeopatia. Federazione Nazionale dei Farmacisti: un dovere essere preparati. Entrer\u00e0 nel nuovo codice deontologico\",\"datePublished\":\"2018-10-31T14:46:56+00:00\",\"dateModified\":\"2023-05-26T08:11:32+00:00\",\"mainEntityOfPage\":{\"@id\":\"https:\/\/www.vandaomeopatici.it\/it\/omeopatia-farmacia\/\"},\"wordCount\":564,\"commentCount\":0,\"publisher\":{\"@id\":\"https:\/\/www.vandaomeopatici.it\/it\/#organization\"},\"image\":{\"@id\":\"https:\/\/www.vandaomeopatici.it\/it\/omeopatia-farmacia\/#primaryimage\"},\"thumbnailUrl\":\"https:\/\/www.vandaomeopatici.it\/it\/wp-content\/uploads\/2018\/10\/farmacia-omeopatia.jpg\",\"articleSection\":[\"Farmacia-omeopatia\"],\"inLanguage\":\"it-IT\",\"potentialAction\":[{\"@type\":\"CommentAction\",\"name\":\"Comment\",\"target\":[\"https:\/\/www.vandaomeopatici.it\/it\/omeopatia-farmacia\/#respond\"]}]},{\"@type\":\"WebPage\",\"@id\":\"https:\/\/www.vandaomeopatici.it\/it\/omeopatia-farmacia\/\",\"url\":\"https:\/\/www.vandaomeopatici.it\/it\/omeopatia-farmacia\/\",\"name\":\"Omeopatia. Federazione Nazionale dei Farmacisti: un dovere essere preparati. Entrer\u00e0 nel nuovo codice deontologico\",\"isPartOf\":{\"@id\":\"https:\/\/www.vandaomeopatici.it\/it\/#website\"},\"primaryImageOfPage\":{\"@id\":\"https:\/\/www.vandaomeopatici.it\/it\/omeopatia-farmacia\/#primaryimage\"},\"image\":{\"@id\":\"https:\/\/www.vandaomeopatici.it\/it\/omeopatia-farmacia\/#primaryimage\"},\"thumbnailUrl\":\"https:\/\/www.vandaomeopatici.it\/it\/wp-content\/uploads\/2018\/10\/farmacia-omeopatia.jpg\",\"datePublished\":\"2018-10-31T14:46:56+00:00\",\"dateModified\":\"2023-05-26T08:11:32+00:00\",\"description\":\"Omeopatia farmacia: importanza del ruolo del Farmacista nella divulgazione della cultura sanitaria. Presa in carico del paziente in ottica complementare. Nuovo codice deontologico per la cultura dell'omeopatia.\",\"breadcrumb\":{\"@id\":\"https:\/\/www.vandaomeopatici.it\/it\/omeopatia-farmacia\/#breadcrumb\"},\"inLanguage\":\"it-IT\",\"potentialAction\":[{\"@type\":\"ReadAction\",\"target\":[\"https:\/\/www.vandaomeopatici.it\/it\/omeopatia-farmacia\/\"]}]},{\"@type\":\"ImageObject\",\"inLanguage\":\"it-IT\",\"@id\":\"https:\/\/www.vandaomeopatici.it\/it\/omeopatia-farmacia\/#primaryimage\",\"url\":\"https:\/\/www.vandaomeopatici.it\/it\/wp-content\/uploads\/2018\/10\/farmacia-omeopatia.jpg\",\"contentUrl\":\"https:\/\/www.vandaomeopatici.it\/it\/wp-content\/uploads\/2018\/10\/farmacia-omeopatia.jpg\",\"width\":800,\"height\":616,\"caption\":\"l'aiuto dei farmacisti per i pazienti che si curano con la medicina integrata\"},{\"@type\":\"BreadcrumbList\",\"@id\":\"https:\/\/www.vandaomeopatici.it\/it\/omeopatia-farmacia\/#breadcrumb\",\"itemListElement\":[{\"@type\":\"ListItem\",\"position\":1,\"name\":\"Home\",\"item\":\"https:\/\/www.vandaomeopatici.it\/it\/\"},{\"@type\":\"ListItem\",\"position\":2,\"name\":\"Omeopatia. Federazione Nazionale dei Farmacisti: un dovere essere preparati. Entrer\u00e0 nel nuovo codice deontologico\"}]},{\"@type\":\"WebSite\",\"@id\":\"https:\/\/www.vandaomeopatici.it\/it\/#website\",\"url\":\"https:\/\/www.vandaomeopatici.it\/it\/\",\"name\":\"Vanda Integrative Medicine\",\"description\":\"\",\"publisher\":{\"@id\":\"https:\/\/www.vandaomeopatici.it\/it\/#organization\"},\"potentialAction\":[{\"@type\":\"SearchAction\",\"target\":{\"@type\":\"EntryPoint\",\"urlTemplate\":\"https:\/\/www.vandaomeopatici.it\/it\/?s={search_term_string}\"},\"query-input\":{\"@type\":\"PropertyValueSpecification\",\"valueRequired\":true,\"valueName\":\"search_term_string\"}}],\"inLanguage\":\"it-IT\"},{\"@type\":\"Organization\",\"@id\":\"https:\/\/www.vandaomeopatici.it\/it\/#organization\",\"name\":\"Vanda Omeopatici\",\"url\":\"https:\/\/www.vandaomeopatici.it\/it\/\",\"logo\":{\"@type\":\"ImageObject\",\"inLanguage\":\"it-IT\",\"@id\":\"https:\/\/www.vandaomeopatici.it\/it\/#\/schema\/logo\/image\/\",\"url\":\"https:\/\/www.vandaomeopatici.it\/it\/wp-content\/uploads\/2015\/04\/logo_vanda_retina.png\",\"contentUrl\":\"https:\/\/www.vandaomeopatici.it\/it\/wp-content\/uploads\/2015\/04\/logo_vanda_retina.png\",\"width\":240,\"height\":240,\"caption\":\"Vanda Omeopatici\"},\"image\":{\"@id\":\"https:\/\/www.vandaomeopatici.it\/it\/#\/schema\/logo\/image\/\"},\"sameAs\":[\"https:\/\/www.facebook.com\/vandaomeopatici\",\"https:\/\/x.com\/VandaOmeopatici\",\"https:\/\/instagram.com\/vanda_omeopatici\/\",\"https:\/\/it.linkedin.com\/company\/vanda-omeopatici\",\"https:\/\/www.pinterest.com\/vandaomeopatici\/\"]},{\"@type\":\"Person\",\"@id\":\"https:\/\/www.vandaomeopatici.it\/it\/#\/schema\/person\/a0551e50d6828fb0bd2abfbe6053dd74\",\"name\":\"redazione\"}]}<\/script>\n<!-- \/ Yoast SEO Premium plugin. -->","yoast_head_json":{"title":"Omeopatia. Federazione Nazionale dei Farmacisti: un dovere essere preparati. Entrer\u00e0 nel nuovo codice deontologico","description":"Omeopatia farmacia: importanza del ruolo del Farmacista nella divulgazione della cultura sanitaria. Presa in carico del paziente in ottica complementare. Nuovo codice deontologico per la cultura dell'omeopatia.","robots":{"index":"index","follow":"follow","max-snippet":"max-snippet:-1","max-image-preview":"max-image-preview:large","max-video-preview":"max-video-preview:-1"},"canonical":"https:\/\/www.vandaomeopatici.it\/it\/omeopatia-farmacia\/","og_locale":"it_IT","og_type":"article","og_title":"Omeopatia. Federazione Nazionale dei Farmacisti: un dovere essere preparati. Entrer\u00e0 nel nuovo codice deontologico","og_description":"Omeopatia farmacia: importanza del ruolo del Farmacista nella divulgazione della cultura sanitaria. Presa in carico del paziente in ottica complementare. Nuovo codice deontologico per la cultura dell'omeopatia.","og_url":"https:\/\/www.vandaomeopatici.it\/it\/omeopatia-farmacia\/","og_site_name":"Vanda Integrative Medicine","article_publisher":"https:\/\/www.facebook.com\/vandaomeopatici","article_published_time":"2018-10-31T14:46:56+00:00","article_modified_time":"2023-05-26T08:11:32+00:00","og_image":[{"width":800,"height":616,"url":"https:\/\/www.vandaomeopatici.it\/it\/wp-content\/uploads\/2018\/10\/farmacia-omeopatia.jpg","type":"image\/jpeg"}],"author":"redazione","twitter_card":"summary_large_image","twitter_creator":"@VandaOmeopatici","twitter_site":"@VandaOmeopatici","twitter_misc":{"Scritto da":"redazione","Tempo di lettura stimato":"3 minuti"},"schema":{"@context":"https:\/\/schema.org","@graph":[{"@type":"Article","@id":"https:\/\/www.vandaomeopatici.it\/it\/omeopatia-farmacia\/#article","isPartOf":{"@id":"https:\/\/www.vandaomeopatici.it\/it\/omeopatia-farmacia\/"},"author":{"name":"redazione","@id":"https:\/\/www.vandaomeopatici.it\/it\/#\/schema\/person\/a0551e50d6828fb0bd2abfbe6053dd74"},"headline":"Omeopatia. Federazione Nazionale dei Farmacisti: un dovere essere preparati. Entrer\u00e0 nel nuovo codice deontologico","datePublished":"2018-10-31T14:46:56+00:00","dateModified":"2023-05-26T08:11:32+00:00","mainEntityOfPage":{"@id":"https:\/\/www.vandaomeopatici.it\/it\/omeopatia-farmacia\/"},"wordCount":564,"commentCount":0,"publisher":{"@id":"https:\/\/www.vandaomeopatici.it\/it\/#organization"},"image":{"@id":"https:\/\/www.vandaomeopatici.it\/it\/omeopatia-farmacia\/#primaryimage"},"thumbnailUrl":"https:\/\/www.vandaomeopatici.it\/it\/wp-content\/uploads\/2018\/10\/farmacia-omeopatia.jpg","articleSection":["Farmacia-omeopatia"],"inLanguage":"it-IT","potentialAction":[{"@type":"CommentAction","name":"Comment","target":["https:\/\/www.vandaomeopatici.it\/it\/omeopatia-farmacia\/#respond"]}]},{"@type":"WebPage","@id":"https:\/\/www.vandaomeopatici.it\/it\/omeopatia-farmacia\/","url":"https:\/\/www.vandaomeopatici.it\/it\/omeopatia-farmacia\/","name":"Omeopatia. Federazione Nazionale dei Farmacisti: un dovere essere preparati. Entrer\u00e0 nel nuovo codice deontologico","isPartOf":{"@id":"https:\/\/www.vandaomeopatici.it\/it\/#website"},"primaryImageOfPage":{"@id":"https:\/\/www.vandaomeopatici.it\/it\/omeopatia-farmacia\/#primaryimage"},"image":{"@id":"https:\/\/www.vandaomeopatici.it\/it\/omeopatia-farmacia\/#primaryimage"},"thumbnailUrl":"https:\/\/www.vandaomeopatici.it\/it\/wp-content\/uploads\/2018\/10\/farmacia-omeopatia.jpg","datePublished":"2018-10-31T14:46:56+00:00","dateModified":"2023-05-26T08:11:32+00:00","description":"Omeopatia farmacia: importanza del ruolo del Farmacista nella divulgazione della cultura sanitaria. Presa in carico del paziente in ottica complementare. Nuovo codice deontologico per la cultura dell'omeopatia.","breadcrumb":{"@id":"https:\/\/www.vandaomeopatici.it\/it\/omeopatia-farmacia\/#breadcrumb"},"inLanguage":"it-IT","potentialAction":[{"@type":"ReadAction","target":["https:\/\/www.vandaomeopatici.it\/it\/omeopatia-farmacia\/"]}]},{"@type":"ImageObject","inLanguage":"it-IT","@id":"https:\/\/www.vandaomeopatici.it\/it\/omeopatia-farmacia\/#primaryimage","url":"https:\/\/www.vandaomeopatici.it\/it\/wp-content\/uploads\/2018\/10\/farmacia-omeopatia.jpg","contentUrl":"https:\/\/www.vandaomeopatici.it\/it\/wp-content\/uploads\/2018\/10\/farmacia-omeopatia.jpg","width":800,"height":616,"caption":"l'aiuto dei farmacisti per i pazienti che si curano con la medicina integrata"},{"@type":"BreadcrumbList","@id":"https:\/\/www.vandaomeopatici.it\/it\/omeopatia-farmacia\/#breadcrumb","itemListElement":[{"@type":"ListItem","position":1,"name":"Home","item":"https:\/\/www.vandaomeopatici.it\/it\/"},{"@type":"ListItem","position":2,"name":"Omeopatia. Federazione Nazionale dei Farmacisti: un dovere essere preparati. Entrer\u00e0 nel nuovo codice deontologico"}]},{"@type":"WebSite","@id":"https:\/\/www.vandaomeopatici.it\/it\/#website","url":"https:\/\/www.vandaomeopatici.it\/it\/","name":"Vanda Integrative Medicine","description":"","publisher":{"@id":"https:\/\/www.vandaomeopatici.it\/it\/#organization"},"potentialAction":[{"@type":"SearchAction","target":{"@type":"EntryPoint","urlTemplate":"https:\/\/www.vandaomeopatici.it\/it\/?s={search_term_string}"},"query-input":{"@type":"PropertyValueSpecification","valueRequired":true,"valueName":"search_term_string"}}],"inLanguage":"it-IT"},{"@type":"Organization","@id":"https:\/\/www.vandaomeopatici.it\/it\/#organization","name":"Vanda Omeopatici","url":"https:\/\/www.vandaomeopatici.it\/it\/","logo":{"@type":"ImageObject","inLanguage":"it-IT","@id":"https:\/\/www.vandaomeopatici.it\/it\/#\/schema\/logo\/image\/","url":"https:\/\/www.vandaomeopatici.it\/it\/wp-content\/uploads\/2015\/04\/logo_vanda_retina.png","contentUrl":"https:\/\/www.vandaomeopatici.it\/it\/wp-content\/uploads\/2015\/04\/logo_vanda_retina.png","width":240,"height":240,"caption":"Vanda Omeopatici"},"image":{"@id":"https:\/\/www.vandaomeopatici.it\/it\/#\/schema\/logo\/image\/"},"sameAs":["https:\/\/www.facebook.com\/vandaomeopatici","https:\/\/x.com\/VandaOmeopatici","https:\/\/instagram.com\/vanda_omeopatici\/","https:\/\/it.linkedin.com\/company\/vanda-omeopatici","https:\/\/www.pinterest.com\/vandaomeopatici\/"]},{"@type":"Person","@id":"https:\/\/www.vandaomeopatici.it\/it\/#\/schema\/person\/a0551e50d6828fb0bd2abfbe6053dd74","name":"redazione"}]}},"_links":{"self":[{"href":"https:\/\/www.vandaomeopatici.it\/it\/wp-json\/wp\/v2\/posts\/9062","targetHints":{"allow":["GET"]}}],"collection":[{"href":"https:\/\/www.vandaomeopatici.it\/it\/wp-json\/wp\/v2\/posts"}],"about":[{"href":"https:\/\/www.vandaomeopatici.it\/it\/wp-json\/wp\/v2\/types\/post"}],"author":[{"embeddable":true,"href":"https:\/\/www.vandaomeopatici.it\/it\/wp-json\/wp\/v2\/users\/5"}],"replies":[{"embeddable":true,"href":"https:\/\/www.vandaomeopatici.it\/it\/wp-json\/wp\/v2\/comments?post=9062"}],"version-history":[{"count":0,"href":"https:\/\/www.vandaomeopatici.it\/it\/wp-json\/wp\/v2\/posts\/9062\/revisions"}],"wp:featuredmedia":[{"embeddable":true,"href":"https:\/\/www.vandaomeopatici.it\/it\/wp-json\/wp\/v2\/media\/9063"}],"wp:attachment":[{"href":"https:\/\/www.vandaomeopatici.it\/it\/wp-json\/wp\/v2\/media?parent=9062"}],"wp:term":[{"taxonomy":"category","embeddable":true,"href":"https:\/\/www.vandaomeopatici.it\/it\/wp-json\/wp\/v2\/categories?post=9062"},{"taxonomy":"post_tag","embeddable":true,"href":"https:\/\/www.vandaomeopatici.it\/it\/wp-json\/wp\/v2\/tags?post=9062"}],"curies":[{"name":"wp","href":"https:\/\/api.w.org\/{rel}","templated":true}]}}