{"id":9581,"date":"2019-03-06T16:53:44","date_gmt":"2019-03-06T14:53:44","guid":{"rendered":"https:\/\/www.vandaomeopatici.it\/it\/?p=9581"},"modified":"2023-05-24T11:51:34","modified_gmt":"2023-05-24T09:51:34","slug":"omeopatia-e-medicina-integrata-tenere-una-mente-aperta","status":"publish","type":"post","link":"https:\/\/www.vandaomeopatici.it\/it\/omeopatia-e-medicina-integrata-tenere-una-mente-aperta\/","title":{"rendered":"Omeopatia e Medicina integrata: tenere una mente aperta"},"content":{"rendered":"<h1>Omeopatia e medicina integrata: tenere una mente aperta<\/h1>\n<p>Sviluppo della biomedicina e recupero della medicina tradizionale, come studiare le CAM, dalla medicina alternativa alla medicina complementare, approccio alle malattie croniche, limiti dell\u2019approccio riduzionista, principio di similitudine, omeodinamica dei sistemi complessi.<\/p>\n<p>Di <a href=\"http:\/\/www.paolobellavite.it\/index.html\" target=\"_blank\" rel=\"noopener noreferrer\"><strong>Paolo Bellavite\u00a0<\/strong><\/a><\/p>\n<div style=\"width: 696px;\" class=\"wp-video\"><!--[if lt IE 9]><script>document.createElement('video');<\/script><![endif]-->\n<video class=\"wp-video-shortcode\" id=\"video-9581-1\" width=\"696\" height=\"392\" preload=\"metadata\" controls=\"controls\"><source type=\"video\/mp4\" src=\"https:\/\/www.vandaomeopatici.it\/it\/wp-content\/uploads\/2019\/03\/omeopatia-bellavite.mp4?_=1\" \/><a href=\"https:\/\/www.vandaomeopatici.it\/it\/wp-content\/uploads\/2019\/03\/omeopatia-bellavite.mp4\">https:\/\/www.vandaomeopatici.it\/it\/wp-content\/uploads\/2019\/03\/omeopatia-bellavite.mp4<\/a><\/video><\/div>\n<p>&nbsp;<\/p>\n<h2>Lo sviluppo delle biotecnologia e il recupero delle medicina tradizionali<\/h2>\n<p>I <strong>progressi della biotecnologia<\/strong> hanno portato a nuovi approcci diagnostici e terapeutici che hanno r<strong>eso la medicina pi\u00f9 sicura ed efficace<\/strong>.<\/p>\n<p>Nonostante questi progressi (o forse proprio per questo) <strong>sta crescendo anche l&#8217;interesse per le forme di medicina alternativa e non<\/strong>.<\/p>\n<p>I pazienti intimoriti dalla complessit\u00e0 e dai costi della biotecnologia possono <strong>trovare queste terapie pi\u00f9 \u201camichevoli\u201d<\/strong> e pi\u00f9 congruenti con i loro desideri personali.<\/p>\n<h2>Lo studio delle CAM<\/h2>\n<p><strong>La medicina complementare e alternativa (<a href=\"https:\/\/www.ncbi.nlm.nih.gov\/pubmed\/24766436\" target=\"_blank\" rel=\"noopener noreferrer\">CAM<\/a>)<\/strong> sostiene di sfruttare i rimedi presenti in natura e di ridurre al minimo o rifiutare l&#8217;uso di farmaci sintetici.<\/p>\n<p>Questi sono visti come sostanze estranee che minacciano la salubrit\u00e0 del corpo umano, ma <strong>questo tipo di approccio \u201cnegativo\u201d pu\u00f2 avere conseguenze fuorvianti.<\/strong><\/p>\n<p>Per essere in grado di soddisfare le aspettative dei loro pazienti, <strong>sempre pi\u00f9 medici in molti Paesi del mondo stanno cercando di capire, invece di scartare &#8220;a priori&#8221;<\/strong> &#8211; questi metodi terapeutici alternativi.<\/p>\n<p>Alcuni medici hanno incorporato alcune forme di medicina alternativa o alcuni rimedi naturali nelle loro pratiche cliniche.<\/p>\n<h2>Integrazione delle CAM nella pratica clinica<\/h2>\n<p>Non \u00e8 raro sentire medici che suggeriscono che un approccio di trattamento non convenzionale potrebbe essere considerato una <strong>&#8220;integrazione&#8221; piuttosto che una &#8220;alternativa&#8221;<\/strong> alla pratica medica standard.<\/p>\n<p>Secondo l&#8217;opinione di questi professionisti, l&#8217;integrazione di farmaci convenzionali e non convenzionali pu\u00f2 portare a risultati migliori, a una <strong>migliore soddisfazione del paziente<\/strong> ed a un miglior rapporto efficacia\/costo.<\/p>\n<p><strong>I sistemi medici orientali (medicina cinese, ayurvedica) e omeopatia e la medicina antroposofica in Occidente erano basati su teorie patofisiologiche specifiche, metodi semeiotici e farmacopee che oggi meritano una rivalutazione. <\/strong><\/p>\n<p>Per lo meno, lo studio di questi metodi pu\u00f2 portare a una <strong>migliore comunicazione e fiducia da parte dei pazienti<\/strong>, che si sentono responsabilizzati nelle loro cure quando il medico esamina le loro richieste <strong>con una mente aperta<\/strong>.<\/p>\n<h2>Malattie come processi multifattoriali<\/h2>\n<p>Insieme all&#8217;incremento senza precedenti delle conoscenze scientifiche e tecniche degli ultimi decenni, si \u00e8 registrato un aumento della prevalenza di condizioni complesse, caratterizzate da <strong>plurimorbilit\u00e0 e associate all&#8217;invecchiamento della popolazione<\/strong>.<\/p>\n<p>Ci\u00f2 richiede un approccio di <strong>trattamento individualizzato<\/strong>, qualcosa che la medicina moderna potrebbe essere mal equipaggiata e mal preparata a fare.<\/p>\n<p><strong>Gli studi clinici randomizzati di trattamento medico sono essenziali<\/strong> per fornire evidenza dell&#8217;efficacia di uno specifico trattamento, ma i risultati di queste sperimentazioni \u201cstandard\u201d, conseguiti con lo stesso farmaco su gruppi di malati, <strong>potrebbero non riguardare la complessa situazione clinica del singolo paziente<\/strong>.<\/p>\n<p>Attualmente, la maggior parte delle malattie sono processi multifattoriali che possono non essere gestibili con un singolo intervento ma richiedono un <strong>approccio sfaccettato<\/strong>.<\/p>\n<p>Malattie complesse come il <a href=\"https:\/\/www.vandaomeopatici.it\/it\/silimarina-benefici-per-glicemia-e-insulino-resistenza\/\">diabete<\/a>, la schizofrenia, il cancro e l&#8217;aterosclerosi possono coinvolgere centinaia di varianti genomiche che interagiscono tra loro e con fattori ambientali.<\/p>\n<h2>Limiti dell&#8217;approccio riduzionista, effetti avversi, resistenza ai farmaci<\/h2>\n<p>Questa stessa complessit\u00e0 mostra l&#8217;<strong>inadeguatezza di un approccio riduzionista<\/strong>, con l&#8217;obiettivo di scoprire e correggere uno o pochi difetti molecolari usando farmaci mirati.<\/p>\n<p>Altri problemi ben noti sono gli effetti avversi e <strong>la resistenza ai farmaci<\/strong>.<\/p>\n<p>Per fare solo un esempio, <a href=\"https:\/\/www.aimac.it\/farmaci-tumore\/inibitori-crescita-tumorale\/imatinib-glivec\" target=\"_blank\" rel=\"noopener noreferrer\">imatinib<\/a> \u00e8 stato inestimabile nel migliorare la prognosi dei pazienti con leucemia mieloide cronica, ma pi\u00f9 a lungo questi pazienti vivono, grazie al farmaco, pi\u00f9 \u00e8 probabile che sviluppino resistenza al suo effetto.<\/p>\n<h2>I progressi della medicina sono lontani dall&#8217;aver eliminato la malattia<\/h2>\n<p><a href=\"https:\/\/it.wikipedia.org\/wiki\/Alexis_Carrel\" target=\"_blank\" rel=\"noopener noreferrer\"><strong>Alexis Carrel<\/strong><\/a>, un importante medico e premio Nobel nel 1912, fu uno dei primi scienziati ad immaginare i problemi fondamentali della medicina moderna.<\/p>\n<p>Pochi sanno che era anche interessato ad approcci medici alternativi e ha curato la pubblicazione di un libro dedicato ai problemi sollevati da<strong> &#8220;m\u00e9decines h\u00e9r\u00e9tiques&#8221;<\/strong>, in cui affermava:<\/p>\n<p>&#8220;Bisogna ammettere che i progressi della medicina sono lontani dall&#8217;aver eliminato la malattia.<\/p>\n<p>Piuttosto che morire rapidamente da infezioni, i pazienti oggi muoiono, pi\u00f9 lentamente e pi\u00f9 dolorosamente, a causa di malattie degenerative come tutti i tipi di malattie croniche tra cui cancro, diabete, insufficienza cardiaca, insufficienza renale cronica e disturbi neurodegenerativi.<\/p>\n<p>La medicina non ha ridotto la sofferenza umana quanto abbiamo creduto e sperato.<\/p>\n<p>Ci siamo resi conto che la sofferenza deriva non solo da agenti nocivi, come batteri e virus, ma pu\u00f2 essere causata da condizioni pi\u00f9 sottili e mal definite, come la fragilit\u00e0 del nostro cervello e di altri organi che invecchiano&#8221;.<\/p>\n<h2>Approccio alle malattie croniche<\/h2>\n<p>Le malattie croniche e degenerative sono sia un effetto che una causa dell&#8217;aumento del costo dell&#8217;assistenza sanitaria, che di per s\u00e9 pu\u00f2 limitare l&#8217;accesso alle cure anche nei paesi pi\u00f9 sviluppati.<\/p>\n<p>Mentre tutti gli economisti concordano sul fatto che la situazione \u00e8 insostenibile, le soluzioni non sono facili da immaginare.<\/p>\n<p>Oltre a un utilizzo pi\u00f9 economico delle attuali risorse mediche, le soluzioni possono includere un <strong>nuovo atteggiamento antropologico della medicina<\/strong>, in cui viene prestata maggiore attenzione allo<strong> stile di vita<\/strong> e i <strong>trattamenti sono individualizzati<\/strong>.<\/p>\n<p>La medicina alternativa e complementare pu\u00f2 essere parte della soluzione, quando criticamente esaminata e adottata secondo i criteri della libert\u00e0 informata della terapia e della medicina basata sull&#8217;evidenza.<\/p>\n<h2>Omeopatia: sviluppo della ricerca<\/h2>\n<p>L&#8217;omeopatia gode di un crescente apprezzamento dalla popolazione, ma \u00e8 vista con scetticismo dal mondo accademico ed \u00e8 ancora esclusa dalle linee guida mediche.<\/p>\n<p>Nato alla fine del diciottesimo secolo da idee e esperimenti di <a href=\"https:\/\/www.vandaomeopatici.it\/it\/samuel-hahnemann\/\" target=\"_blank\" rel=\"noopener noreferrer\"><strong>Christian Friedrich Samuel Hahnemann (1755-1843)<\/strong><\/a>, l&#8217;omeopatia \u00e8 l&#8217;unico sistema medico occidentale che \u00e8 &#8220;sopravvissuto\u201d ai progressi della medicina moderna.<\/p>\n<p>Il riconoscimento ritardato del possibile contributo delle idee omeopatiche alla scienza medica tradizionale e, d&#8217;altra parte, l&#8217;accettazione acritica e gli attacchi insistenti di alcuni omeopati contro l&#8217;allopatia sono almeno parzialmente responsabili del rifiuto dell&#8217;omeopatia da parte di molti medici moderni e da parte dei circoli accademici.<\/p>\n<p>Fin dalla sua istituzione l&#8217;omeopatia ha presentato una duplice natura.<\/p>\n<ul>\n<li>Uno \u00e8 un <strong>approccio olistico<\/strong> volto a trattare l&#8217;individuo nel suo complesso (trattamento individualizzato).<\/li>\n<li>L&#8217;altro \u00e8 un <a href=\"https:\/\/www.vandaomeopatici.it\/it\/cosa-e-omeopatia\/\" target=\"_blank\" rel=\"noopener noreferrer\"><strong>approccio basato sui dati e su metodi sperimentali. <\/strong><\/a><\/li>\n<\/ul>\n<p><strong>L&#8217;attuale letteratura medica si sta &#8220;aprendo&#8221; all&#8217;omeopatia,<\/strong> come documentato dalla comparsa di diverse riviste dedicate al settore e dalla loro inclusione nei principali database.<\/p>\n<p>Ad esempio, il <strong>numero di articoli<\/strong> che trattano dell&#8217;omeopatia citata <a href=\"https:\/\/www.ncbi.nlm.nih.gov\/pubmed\/?term=homeopathy\" target=\"_blank\" rel=\"noopener noreferrer\"><strong>in PubMed \u00e8 attualmente (ottobre 2014) 5.538<\/strong><\/a>, mentre nel 2000 c&#8217;era meno di un terzo di questo numero.<\/p>\n<p>Contrariamente a quanto si crede in modo superficiale, la maggior parte dei concetti tradizionali proposti dall&#8217;omeopatia (<a href=\"https:\/\/www.vandaomeopatici.it\/it\/omeopatia-legge-simili\/\" target=\"_blank\" rel=\"noopener noreferrer\"><strong>il principio della &#8220;similitudine&#8221;<\/strong><\/a>, la sperimentazione di farmaci su persone sane, l&#8217;individualizzazione della prescrizione, l&#8217;<a href=\"https:\/\/www.vandaomeopatici.it\/it\/ormesi-omeopatia\/\" target=\"_blank\" rel=\"noopener noreferrer\"><strong>uso di dosi molto basse di farmaci<\/strong><\/a>) sono del tutto pertinenti ai criteri scientifici.<\/p>\n<p>Il problema principale che l&#8217;omeopata incontra \u00e8 stabilire l&#8217;efficacia della loro cura usando criteri delle prove randomizzate e in doppio cieco, ma non \u00e8 assolutamente vero che <a href=\"https:\/\/www.vandaomeopatici.it\/it\/omeopatia-studi-scientifici-2017\/\" target=\"_blank\" rel=\"noopener noreferrer\"><strong>\u201cnon esistono prove\u201d<\/strong><\/a>, come si documenta nel lavoro di Vigan\u00f2 e collaboratori in questo stesso fascicolo.<\/p>\n<p><iframe loading=\"lazy\" style=\"border: none; overflow: hidden;\" src=\"https:\/\/www.facebook.com\/plugins\/video.php?href=https%3A%2F%2Fwww.facebook.com%2Fvandaomeopatici%2Fvideos%2F216068425985931%2F&amp;show_text=0&amp;width=560\" width=\"560\" height=\"315\" frameborder=\"0\" scrolling=\"no\" allowfullscreen=\"allowfullscreen\"><\/iframe><\/p>\n<h2>L&#8217;omeopatia si basa sul principio di similitudine, che cos&#8217;\u00e8?<\/h2>\n<p>Il principio di similitudine sostiene che <strong>una sostanza &#8220;patogenica&#8221; somministrata in piccole dosi pu\u00f2 correggere lo squilibrio fisiologico di un organismo malato<\/strong> che presenta sintomi simili a quelli che la sostanza causa quando viene testata in persone sane.<\/p>\n<p>Questo processo \u00e8 <strong>paragonabile alla desensibilizzazione di soggetti allergici<\/strong> con piccole dosi di allergeni.<\/p>\n<p>Allo stesso modo i beta-bloccanti che diminuiscono la contrattilit\u00e0 del cuore normale possono migliorarlo in presenza di insufficienza cardiaca (farmacologia paradossa).<\/p>\n<p>Gli antidepressivi che possono alleviare la malinconia in un individuo depresso possono causarlo in un soggetto normale.<\/p>\n<p>Questi effetti sono solo apparentemente paradossali, perch\u00e9 si appoggiano sul principio fondamentale della fisiologia, la \u201cazione-reazione\u201d.<\/p>\n<h2>Omeodinamica dei sistemi complessi<\/h2>\n<p><strong>L&#8217;omeodinamica di qualsiasi sistema complesso<\/strong>, compresi i sistemi immunitario, cardiovascolare e nervoso, <strong>si basa sull&#8217;equilibrio delle attivit\u00e0 antagoniste di diverse sostanze<\/strong> o di diversi recettori per la stessa sostanza.<\/p>\n<p>Questa omeodinamica pu\u00f2 cronicamente disgregarsi in una situazione denominata <a href=\"http:\/\/www.paolobellavite.it\/complessita-in-medicina.html\" target=\"_blank\" rel=\"noopener noreferrer\"><strong>&#8220;attrattore patologico dinamico&#8221;<\/strong><\/a>.<\/p>\n<p><strong>Per invertire questa condizione e riportare l&#8217;omeostasi al sistema<\/strong>, <strong>potrebbe essere necessario innescare una reazione terapeutica endogena, con una specifica sostanza patogena contenuta in piccole dosi nel rimedio omeopatico<\/strong>.<\/p>\n<h2>Il problema del numero di Avogadro<\/h2>\n<p>Le dosi della maggior parte dei farmaci omeopatici sono piccole ma misurabili.<\/p>\n<p>Sebbene questi farmaci possano essere somministrati a una diluizione molto elevata (anche superiore alla <a href=\"https:\/\/www.researchgate.net\/publication\/310481668_Requiem_for_Avogadro_recent_advances_from_laboratory_research\" target=\"_blank\" rel=\"noopener noreferrer\"><strong>costante di Avogadro<\/strong><\/a> che corrisponde alla diluizione 12 \u00b0 centesimale), essi sono <strong>diversi da qualsiasi forma di placebo<\/strong>.<\/p>\n<figure id=\"attachment_9602\" aria-describedby=\"caption-attachment-9602\" style=\"width: 1200px\" class=\"wp-caption aligncenter\"><a href=\"https:\/\/www.researchgate.net\/publication\/310481668_Requiem_for_Avogadro_recent_advances_from_laboratory_research\"><img loading=\"lazy\" decoding=\"async\" class=\"wp-image-9602 size-full\" src=\"https:\/\/www.vandaomeopatici.it\/it\/wp-content\/uploads\/2019\/03\/omeopatia-numero-avogadro.jpg\" alt=\"costante di avogadro e omeopatia ricerca scientifica paper\" width=\"1200\" height=\"906\" srcset=\"https:\/\/www.vandaomeopatici.it\/it\/wp-content\/uploads\/2019\/03\/omeopatia-numero-avogadro.jpg 1200w, https:\/\/www.vandaomeopatici.it\/it\/wp-content\/uploads\/2019\/03\/omeopatia-numero-avogadro-300x227.jpg 300w, https:\/\/www.vandaomeopatici.it\/it\/wp-content\/uploads\/2019\/03\/omeopatia-numero-avogadro-768x580.jpg 768w, https:\/\/www.vandaomeopatici.it\/it\/wp-content\/uploads\/2019\/03\/omeopatia-numero-avogadro-536x405.jpg 536w\" sizes=\"auto, (max-width: 1200px) 100vw, 1200px\" \/><\/a><figcaption id=\"caption-attachment-9602\" class=\"wp-caption-text\">Bellavite, Paolo &amp; Marzotto, Marta &amp; Bonafini, Clara. (2016). <a href=\"https:\/\/www.researchgate.net\/publication\/310481668_Requiem_for_Avogadro_recent_advances_from_laboratory_research\" target=\"_blank\" rel=\"noopener noreferrer\"><strong>Requiem for Avogadro: recent advances from laboratory research.<\/strong><\/a><\/figcaption><\/figure>\n<h2>Struttura mesoscopica dell&#8217;acqua<\/h2>\n<p>L&#8217;acqua generalmente usata come diluente sembra avere una struttura \u201cmesoscopica\u201d:<\/p>\n<p>ci\u00f2 significa che l<strong>e molecole di acqua e altri soluti formano aggregati di milioni di molecole (cluster o nanoparticelle)<\/strong> che possono incorporare informazioni da sostanze attive.<\/p>\n<p>Questo meccanismo potrebbe essere <strong>analogo alla memoria dei microchip<\/strong> nelle unit\u00e0 flash che comunemente si usano per immagazzinare e trasferire informazioni \u201cnon molecolari\u201d. In altre parole: quando assumiamo delle gocce omeopatiche (o dei granuli su cui le gocce sono state adsorbite) le informazioni scritte sulle nanoparticelle durante la dinamizzazione passano ai recettori della bocca i quali, se il soggetto \u00e8 sensibile e \u201crisonante\u201d recepiscono il messaggio e lo amplificano fino a farlo sentire ai nervi e a tutto il corpo.<\/p>\n<p>E\u2019 anche possibile che il medicinale \u201cinformi\u201d direttamente l\u2019acqua di cui siamo fatti, trasferendo in essa il messaggio che a sua volta, grazie alle energie fornite dal <a href=\"https:\/\/www.vandaomeopatici.it\/it\/insulino-resistenza-sintomi-conseguenze-e-soluzioni\/\">metabolismo<\/a>, serve a regolare i processi biochimici, elettrici e magnetici del nostro corpo.<\/p>\n<h2>Scienza o fantascienza?<\/h2>\n<p>Ai medici curiosi e di buona volont\u00e0 l\u2019ardua sentenza. Agli scettici il loro scetticismo.<\/p>\n<p class=\"title\"><strong><a href=\"https:\/\/www.ncbi.nlm.nih.gov\/pubmed\/25815160\">Homeopathy and integrative medicine: keeping an open mind. <\/a>Bellavite P. <span class=\"jrnl\" title=\"Journal of medicine and the person\">J Med Person<\/span>. 2015;13(1):1-6. Epub 2014 Dec 17.<\/strong><\/p>\n","protected":false},"excerpt":{"rendered":"<p>Omeopatia e medicina integrata: tenere una mente aperta Sviluppo della biomedicina e recupero della medicina tradizionale, come studiare le CAM, dalla medicina alternativa alla medicina complementare, approccio alle malattie croniche, limiti dell\u2019approccio riduzionista, principio di similitudine, omeodinamica dei sistemi complessi. Di Paolo Bellavite\u00a0 &nbsp; Lo sviluppo delle biotecnologia e il recupero delle medicina tradizionali I [&hellip;]<\/p>\n","protected":false},"author":5,"featured_media":9582,"comment_status":"open","ping_status":"open","sticky":false,"template":"","format":"standard","meta":{"footnotes":""},"categories":[418],"tags":[],"class_list":{"0":"post-9581","1":"post","2":"type-post","3":"status-publish","4":"format-standard","5":"has-post-thumbnail","7":"category-faq-omeopatia"},"yoast_head":"<!-- This site is optimized with the Yoast SEO Premium plugin v25.2 (Yoast SEO v26.9) - https:\/\/yoast.com\/product\/yoast-seo-premium-wordpress\/ -->\n<title>Omeopatia e Medicina integrata: tenere una mente aperta -<\/title>\n<meta name=\"description\" content=\"Omeopatia e medicina integrata, avere una mente aperta. L&#039;omeopatia spiegata nei termini attuali della ricerca scientifica.\" \/>\n<meta name=\"robots\" content=\"index, follow, max-snippet:-1, max-image-preview:large, max-video-preview:-1\" \/>\n<link rel=\"canonical\" href=\"https:\/\/www.vandaomeopatici.it\/it\/omeopatia-e-medicina-integrata-tenere-una-mente-aperta\/\" \/>\n<meta property=\"og:locale\" content=\"it_IT\" \/>\n<meta property=\"og:type\" content=\"article\" \/>\n<meta property=\"og:title\" content=\"Omeopatia e Medicina integrata: tenere una mente aperta\" \/>\n<meta property=\"og:description\" content=\"Omeopatia e medicina integrata, avere una mente aperta. L&#039;omeopatia spiegata nei termini attuali della ricerca scientifica.\" \/>\n<meta property=\"og:url\" content=\"https:\/\/www.vandaomeopatici.it\/it\/omeopatia-e-medicina-integrata-tenere-una-mente-aperta\/\" \/>\n<meta property=\"og:site_name\" content=\"Vanda Integrative Medicine\" \/>\n<meta property=\"article:publisher\" content=\"https:\/\/www.facebook.com\/vandaomeopatici\" \/>\n<meta property=\"article:published_time\" content=\"2019-03-06T14:53:44+00:00\" \/>\n<meta property=\"article:modified_time\" content=\"2023-05-24T09:51:34+00:00\" \/>\n<meta property=\"og:image\" content=\"https:\/\/www.vandaomeopatici.it\/it\/wp-content\/uploads\/2019\/03\/omeopatia-medicina.integrata-mente-aperta.jpg\" \/>\n\t<meta property=\"og:image:width\" content=\"1200\" \/>\n\t<meta property=\"og:image:height\" content=\"717\" \/>\n\t<meta property=\"og:image:type\" content=\"image\/jpeg\" \/>\n<meta name=\"author\" content=\"redazione\" \/>\n<meta name=\"twitter:card\" content=\"summary_large_image\" \/>\n<meta name=\"twitter:creator\" content=\"@VandaOmeopatici\" \/>\n<meta name=\"twitter:site\" content=\"@VandaOmeopatici\" \/>\n<meta name=\"twitter:label1\" content=\"Scritto da\" \/>\n\t<meta name=\"twitter:data1\" content=\"redazione\" \/>\n\t<meta name=\"twitter:label2\" content=\"Tempo di lettura stimato\" \/>\n\t<meta name=\"twitter:data2\" content=\"9 minuti\" \/>\n<script type=\"application\/ld+json\" class=\"yoast-schema-graph\">{\"@context\":\"https:\/\/schema.org\",\"@graph\":[{\"@type\":\"Article\",\"@id\":\"https:\/\/www.vandaomeopatici.it\/it\/omeopatia-e-medicina-integrata-tenere-una-mente-aperta\/#article\",\"isPartOf\":{\"@id\":\"https:\/\/www.vandaomeopatici.it\/it\/omeopatia-e-medicina-integrata-tenere-una-mente-aperta\/\"},\"author\":{\"name\":\"redazione\",\"@id\":\"https:\/\/www.vandaomeopatici.it\/it\/#\/schema\/person\/a0551e50d6828fb0bd2abfbe6053dd74\"},\"headline\":\"Omeopatia e Medicina integrata: tenere una mente aperta\",\"datePublished\":\"2019-03-06T14:53:44+00:00\",\"dateModified\":\"2023-05-24T09:51:34+00:00\",\"mainEntityOfPage\":{\"@id\":\"https:\/\/www.vandaomeopatici.it\/it\/omeopatia-e-medicina-integrata-tenere-una-mente-aperta\/\"},\"wordCount\":1643,\"commentCount\":0,\"publisher\":{\"@id\":\"https:\/\/www.vandaomeopatici.it\/it\/#organization\"},\"image\":{\"@id\":\"https:\/\/www.vandaomeopatici.it\/it\/omeopatia-e-medicina-integrata-tenere-una-mente-aperta\/#primaryimage\"},\"thumbnailUrl\":\"https:\/\/www.vandaomeopatici.it\/it\/wp-content\/uploads\/2019\/03\/omeopatia-medicina.integrata-mente-aperta.jpg\",\"articleSection\":[\"FAQ Omeopatia\"],\"inLanguage\":\"it-IT\",\"potentialAction\":[{\"@type\":\"CommentAction\",\"name\":\"Comment\",\"target\":[\"https:\/\/www.vandaomeopatici.it\/it\/omeopatia-e-medicina-integrata-tenere-una-mente-aperta\/#respond\"]}]},{\"@type\":\"WebPage\",\"@id\":\"https:\/\/www.vandaomeopatici.it\/it\/omeopatia-e-medicina-integrata-tenere-una-mente-aperta\/\",\"url\":\"https:\/\/www.vandaomeopatici.it\/it\/omeopatia-e-medicina-integrata-tenere-una-mente-aperta\/\",\"name\":\"Omeopatia e Medicina integrata: tenere una mente aperta -\",\"isPartOf\":{\"@id\":\"https:\/\/www.vandaomeopatici.it\/it\/#website\"},\"primaryImageOfPage\":{\"@id\":\"https:\/\/www.vandaomeopatici.it\/it\/omeopatia-e-medicina-integrata-tenere-una-mente-aperta\/#primaryimage\"},\"image\":{\"@id\":\"https:\/\/www.vandaomeopatici.it\/it\/omeopatia-e-medicina-integrata-tenere-una-mente-aperta\/#primaryimage\"},\"thumbnailUrl\":\"https:\/\/www.vandaomeopatici.it\/it\/wp-content\/uploads\/2019\/03\/omeopatia-medicina.integrata-mente-aperta.jpg\",\"datePublished\":\"2019-03-06T14:53:44+00:00\",\"dateModified\":\"2023-05-24T09:51:34+00:00\",\"description\":\"Omeopatia e medicina integrata, avere una mente aperta. L'omeopatia spiegata nei termini attuali della ricerca scientifica.\",\"breadcrumb\":{\"@id\":\"https:\/\/www.vandaomeopatici.it\/it\/omeopatia-e-medicina-integrata-tenere-una-mente-aperta\/#breadcrumb\"},\"inLanguage\":\"it-IT\",\"potentialAction\":[{\"@type\":\"ReadAction\",\"target\":[\"https:\/\/www.vandaomeopatici.it\/it\/omeopatia-e-medicina-integrata-tenere-una-mente-aperta\/\"]}]},{\"@type\":\"ImageObject\",\"inLanguage\":\"it-IT\",\"@id\":\"https:\/\/www.vandaomeopatici.it\/it\/omeopatia-e-medicina-integrata-tenere-una-mente-aperta\/#primaryimage\",\"url\":\"https:\/\/www.vandaomeopatici.it\/it\/wp-content\/uploads\/2019\/03\/omeopatia-medicina.integrata-mente-aperta.jpg\",\"contentUrl\":\"https:\/\/www.vandaomeopatici.it\/it\/wp-content\/uploads\/2019\/03\/omeopatia-medicina.integrata-mente-aperta.jpg\",\"width\":1200,\"height\":717,\"caption\":\"ricerca scientifica omeopatia\"},{\"@type\":\"BreadcrumbList\",\"@id\":\"https:\/\/www.vandaomeopatici.it\/it\/omeopatia-e-medicina-integrata-tenere-una-mente-aperta\/#breadcrumb\",\"itemListElement\":[{\"@type\":\"ListItem\",\"position\":1,\"name\":\"Home\",\"item\":\"https:\/\/www.vandaomeopatici.it\/it\/\"},{\"@type\":\"ListItem\",\"position\":2,\"name\":\"Omeopatia e Medicina integrata: tenere una mente aperta\"}]},{\"@type\":\"WebSite\",\"@id\":\"https:\/\/www.vandaomeopatici.it\/it\/#website\",\"url\":\"https:\/\/www.vandaomeopatici.it\/it\/\",\"name\":\"Vanda Integrative Medicine\",\"description\":\"\",\"publisher\":{\"@id\":\"https:\/\/www.vandaomeopatici.it\/it\/#organization\"},\"potentialAction\":[{\"@type\":\"SearchAction\",\"target\":{\"@type\":\"EntryPoint\",\"urlTemplate\":\"https:\/\/www.vandaomeopatici.it\/it\/?s={search_term_string}\"},\"query-input\":{\"@type\":\"PropertyValueSpecification\",\"valueRequired\":true,\"valueName\":\"search_term_string\"}}],\"inLanguage\":\"it-IT\"},{\"@type\":\"Organization\",\"@id\":\"https:\/\/www.vandaomeopatici.it\/it\/#organization\",\"name\":\"Vanda Omeopatici\",\"url\":\"https:\/\/www.vandaomeopatici.it\/it\/\",\"logo\":{\"@type\":\"ImageObject\",\"inLanguage\":\"it-IT\",\"@id\":\"https:\/\/www.vandaomeopatici.it\/it\/#\/schema\/logo\/image\/\",\"url\":\"https:\/\/www.vandaomeopatici.it\/it\/wp-content\/uploads\/2015\/04\/logo_vanda_retina.png\",\"contentUrl\":\"https:\/\/www.vandaomeopatici.it\/it\/wp-content\/uploads\/2015\/04\/logo_vanda_retina.png\",\"width\":240,\"height\":240,\"caption\":\"Vanda Omeopatici\"},\"image\":{\"@id\":\"https:\/\/www.vandaomeopatici.it\/it\/#\/schema\/logo\/image\/\"},\"sameAs\":[\"https:\/\/www.facebook.com\/vandaomeopatici\",\"https:\/\/x.com\/VandaOmeopatici\",\"https:\/\/instagram.com\/vanda_omeopatici\/\",\"https:\/\/it.linkedin.com\/company\/vanda-omeopatici\",\"https:\/\/www.pinterest.com\/vandaomeopatici\/\"]},{\"@type\":\"Person\",\"@id\":\"https:\/\/www.vandaomeopatici.it\/it\/#\/schema\/person\/a0551e50d6828fb0bd2abfbe6053dd74\",\"name\":\"redazione\"}]}<\/script>\n<!-- \/ Yoast SEO Premium plugin. -->","yoast_head_json":{"title":"Omeopatia e Medicina integrata: tenere una mente aperta -","description":"Omeopatia e medicina integrata, avere una mente aperta. L'omeopatia spiegata nei termini attuali della ricerca scientifica.","robots":{"index":"index","follow":"follow","max-snippet":"max-snippet:-1","max-image-preview":"max-image-preview:large","max-video-preview":"max-video-preview:-1"},"canonical":"https:\/\/www.vandaomeopatici.it\/it\/omeopatia-e-medicina-integrata-tenere-una-mente-aperta\/","og_locale":"it_IT","og_type":"article","og_title":"Omeopatia e Medicina integrata: tenere una mente aperta","og_description":"Omeopatia e medicina integrata, avere una mente aperta. L'omeopatia spiegata nei termini attuali della ricerca scientifica.","og_url":"https:\/\/www.vandaomeopatici.it\/it\/omeopatia-e-medicina-integrata-tenere-una-mente-aperta\/","og_site_name":"Vanda Integrative Medicine","article_publisher":"https:\/\/www.facebook.com\/vandaomeopatici","article_published_time":"2019-03-06T14:53:44+00:00","article_modified_time":"2023-05-24T09:51:34+00:00","og_image":[{"width":1200,"height":717,"url":"https:\/\/www.vandaomeopatici.it\/it\/wp-content\/uploads\/2019\/03\/omeopatia-medicina.integrata-mente-aperta.jpg","type":"image\/jpeg"}],"author":"redazione","twitter_card":"summary_large_image","twitter_creator":"@VandaOmeopatici","twitter_site":"@VandaOmeopatici","twitter_misc":{"Scritto da":"redazione","Tempo di lettura stimato":"9 minuti"},"schema":{"@context":"https:\/\/schema.org","@graph":[{"@type":"Article","@id":"https:\/\/www.vandaomeopatici.it\/it\/omeopatia-e-medicina-integrata-tenere-una-mente-aperta\/#article","isPartOf":{"@id":"https:\/\/www.vandaomeopatici.it\/it\/omeopatia-e-medicina-integrata-tenere-una-mente-aperta\/"},"author":{"name":"redazione","@id":"https:\/\/www.vandaomeopatici.it\/it\/#\/schema\/person\/a0551e50d6828fb0bd2abfbe6053dd74"},"headline":"Omeopatia e Medicina integrata: tenere una mente aperta","datePublished":"2019-03-06T14:53:44+00:00","dateModified":"2023-05-24T09:51:34+00:00","mainEntityOfPage":{"@id":"https:\/\/www.vandaomeopatici.it\/it\/omeopatia-e-medicina-integrata-tenere-una-mente-aperta\/"},"wordCount":1643,"commentCount":0,"publisher":{"@id":"https:\/\/www.vandaomeopatici.it\/it\/#organization"},"image":{"@id":"https:\/\/www.vandaomeopatici.it\/it\/omeopatia-e-medicina-integrata-tenere-una-mente-aperta\/#primaryimage"},"thumbnailUrl":"https:\/\/www.vandaomeopatici.it\/it\/wp-content\/uploads\/2019\/03\/omeopatia-medicina.integrata-mente-aperta.jpg","articleSection":["FAQ Omeopatia"],"inLanguage":"it-IT","potentialAction":[{"@type":"CommentAction","name":"Comment","target":["https:\/\/www.vandaomeopatici.it\/it\/omeopatia-e-medicina-integrata-tenere-una-mente-aperta\/#respond"]}]},{"@type":"WebPage","@id":"https:\/\/www.vandaomeopatici.it\/it\/omeopatia-e-medicina-integrata-tenere-una-mente-aperta\/","url":"https:\/\/www.vandaomeopatici.it\/it\/omeopatia-e-medicina-integrata-tenere-una-mente-aperta\/","name":"Omeopatia e Medicina integrata: tenere una mente aperta -","isPartOf":{"@id":"https:\/\/www.vandaomeopatici.it\/it\/#website"},"primaryImageOfPage":{"@id":"https:\/\/www.vandaomeopatici.it\/it\/omeopatia-e-medicina-integrata-tenere-una-mente-aperta\/#primaryimage"},"image":{"@id":"https:\/\/www.vandaomeopatici.it\/it\/omeopatia-e-medicina-integrata-tenere-una-mente-aperta\/#primaryimage"},"thumbnailUrl":"https:\/\/www.vandaomeopatici.it\/it\/wp-content\/uploads\/2019\/03\/omeopatia-medicina.integrata-mente-aperta.jpg","datePublished":"2019-03-06T14:53:44+00:00","dateModified":"2023-05-24T09:51:34+00:00","description":"Omeopatia e medicina integrata, avere una mente aperta. L'omeopatia spiegata nei termini attuali della ricerca scientifica.","breadcrumb":{"@id":"https:\/\/www.vandaomeopatici.it\/it\/omeopatia-e-medicina-integrata-tenere-una-mente-aperta\/#breadcrumb"},"inLanguage":"it-IT","potentialAction":[{"@type":"ReadAction","target":["https:\/\/www.vandaomeopatici.it\/it\/omeopatia-e-medicina-integrata-tenere-una-mente-aperta\/"]}]},{"@type":"ImageObject","inLanguage":"it-IT","@id":"https:\/\/www.vandaomeopatici.it\/it\/omeopatia-e-medicina-integrata-tenere-una-mente-aperta\/#primaryimage","url":"https:\/\/www.vandaomeopatici.it\/it\/wp-content\/uploads\/2019\/03\/omeopatia-medicina.integrata-mente-aperta.jpg","contentUrl":"https:\/\/www.vandaomeopatici.it\/it\/wp-content\/uploads\/2019\/03\/omeopatia-medicina.integrata-mente-aperta.jpg","width":1200,"height":717,"caption":"ricerca scientifica omeopatia"},{"@type":"BreadcrumbList","@id":"https:\/\/www.vandaomeopatici.it\/it\/omeopatia-e-medicina-integrata-tenere-una-mente-aperta\/#breadcrumb","itemListElement":[{"@type":"ListItem","position":1,"name":"Home","item":"https:\/\/www.vandaomeopatici.it\/it\/"},{"@type":"ListItem","position":2,"name":"Omeopatia e Medicina integrata: tenere una mente aperta"}]},{"@type":"WebSite","@id":"https:\/\/www.vandaomeopatici.it\/it\/#website","url":"https:\/\/www.vandaomeopatici.it\/it\/","name":"Vanda Integrative Medicine","description":"","publisher":{"@id":"https:\/\/www.vandaomeopatici.it\/it\/#organization"},"potentialAction":[{"@type":"SearchAction","target":{"@type":"EntryPoint","urlTemplate":"https:\/\/www.vandaomeopatici.it\/it\/?s={search_term_string}"},"query-input":{"@type":"PropertyValueSpecification","valueRequired":true,"valueName":"search_term_string"}}],"inLanguage":"it-IT"},{"@type":"Organization","@id":"https:\/\/www.vandaomeopatici.it\/it\/#organization","name":"Vanda Omeopatici","url":"https:\/\/www.vandaomeopatici.it\/it\/","logo":{"@type":"ImageObject","inLanguage":"it-IT","@id":"https:\/\/www.vandaomeopatici.it\/it\/#\/schema\/logo\/image\/","url":"https:\/\/www.vandaomeopatici.it\/it\/wp-content\/uploads\/2015\/04\/logo_vanda_retina.png","contentUrl":"https:\/\/www.vandaomeopatici.it\/it\/wp-content\/uploads\/2015\/04\/logo_vanda_retina.png","width":240,"height":240,"caption":"Vanda Omeopatici"},"image":{"@id":"https:\/\/www.vandaomeopatici.it\/it\/#\/schema\/logo\/image\/"},"sameAs":["https:\/\/www.facebook.com\/vandaomeopatici","https:\/\/x.com\/VandaOmeopatici","https:\/\/instagram.com\/vanda_omeopatici\/","https:\/\/it.linkedin.com\/company\/vanda-omeopatici","https:\/\/www.pinterest.com\/vandaomeopatici\/"]},{"@type":"Person","@id":"https:\/\/www.vandaomeopatici.it\/it\/#\/schema\/person\/a0551e50d6828fb0bd2abfbe6053dd74","name":"redazione"}]}},"_links":{"self":[{"href":"https:\/\/www.vandaomeopatici.it\/it\/wp-json\/wp\/v2\/posts\/9581","targetHints":{"allow":["GET"]}}],"collection":[{"href":"https:\/\/www.vandaomeopatici.it\/it\/wp-json\/wp\/v2\/posts"}],"about":[{"href":"https:\/\/www.vandaomeopatici.it\/it\/wp-json\/wp\/v2\/types\/post"}],"author":[{"embeddable":true,"href":"https:\/\/www.vandaomeopatici.it\/it\/wp-json\/wp\/v2\/users\/5"}],"replies":[{"embeddable":true,"href":"https:\/\/www.vandaomeopatici.it\/it\/wp-json\/wp\/v2\/comments?post=9581"}],"version-history":[{"count":0,"href":"https:\/\/www.vandaomeopatici.it\/it\/wp-json\/wp\/v2\/posts\/9581\/revisions"}],"wp:featuredmedia":[{"embeddable":true,"href":"https:\/\/www.vandaomeopatici.it\/it\/wp-json\/wp\/v2\/media\/9582"}],"wp:attachment":[{"href":"https:\/\/www.vandaomeopatici.it\/it\/wp-json\/wp\/v2\/media?parent=9581"}],"wp:term":[{"taxonomy":"category","embeddable":true,"href":"https:\/\/www.vandaomeopatici.it\/it\/wp-json\/wp\/v2\/categories?post=9581"},{"taxonomy":"post_tag","embeddable":true,"href":"https:\/\/www.vandaomeopatici.it\/it\/wp-json\/wp\/v2\/tags?post=9581"}],"curies":[{"name":"wp","href":"https:\/\/api.w.org\/{rel}","templated":true}]}}